{"id":11122,"date":"2025-02-10T09:34:05","date_gmt":"2025-02-10T12:34:05","guid":{"rendered":"https:\/\/impactodenoticias.com.ar\/?p=11122"},"modified":"2025-02-10T09:34:05","modified_gmt":"2025-02-10T12:34:05","slug":"se-produjo-un-accidente-vial-en-un-camino-vecinal-en-general-campos","status":"publish","type":"post","link":"https:\/\/impactodenoticias.com.ar\/?p=11122","title":{"rendered":"Se produjo un accidente vial en un camino vecinal en General Campos"},"content":{"rendered":"\n<h2 class=\"wp-block-heading\">El conductor de una camioneta perdi\u00f3 el control del rodado impactando contra el costado del camino. En el veh\u00edculo se trasladaban siete personas.<\/h2>\n\n\n\n<p>Siete personas, integrantes de una familia, padecieron un siniestro vial en la tarde de este domingo en un camino vecinal a 300 metros al noroeste de la autov\u00eda 18, en la zona de General Campos, en el Departamento San Salvador.<\/p>\n\n\n\n<p>De acuerdo a la informaci\u00f3n a la que tuvo acceso <strong>IMPACTO DE NOTICIAS<\/strong>, el accidente vial ocurri\u00f3 cuando el conductor de una camioneta Ford F100 despist\u00f3 y termin\u00f3 a un costado del camino. Debido a la violencia del impacto, un menor de 5 a\u00f1os sufri\u00f3 factura expuesta de hombro izquierdo.<\/p>\n\n\n\n<p>El ni\u00f1o que iba junto a otros dos menores de 3 a\u00f1os y 6 meses, y uno de 1 a\u00f1o y 4 meses, fue trasladado de urgencia en ambulancia al hospital local.<\/p>\n","protected":false},"excerpt":{"rendered":"<p>El conductor de una camioneta perdi&oacute; el control del rodado impactando contra el costado del camino. En el veh&iacute;culo se trasladaban siete personas. Siete personas, integrantes de una familia, padecieron un siniestro vial en la tarde de este domingo en un camino vecinal a 300 metros al noroeste de la autov&iacute;a 18, en la zona [&hellip;]<\/p>\n","protected":false},"author":2,"featured_media":11123,"comment_status":"open","ping_status":"open","sticky":false,"template":"","format":"standard","meta":{"footnotes":""},"categories":[8,4],"tags":[120,4380,402,315,389,503,4381,189],"class_list":["post-11122","post","type-post","status-publish","format-standard","has-post-thumbnail","hentry","category-policiales","category-provinciales","tag-accidente","tag-camino","tag-camioneta","tag-general-campos","tag-herido","tag-nino","tag-rural","tag-vial"],"_links":{"self":[{"href":"https:\/\/impactodenoticias.com.ar\/index.php?rest_route=\/wp\/v2\/posts\/11122","targetHints":{"allow":["GET"]}}],"collection":[{"href":"https:\/\/impactodenoticias.com.ar\/index.php?rest_route=\/wp\/v2\/posts"}],"about":[{"href":"https:\/\/impactodenoticias.com.ar\/index.php?rest_route=\/wp\/v2\/types\/post"}],"author":[{"embeddable":true,"href":"https:\/\/impactodenoticias.com.ar\/index.php?rest_route=\/wp\/v2\/users\/2"}],"replies":[{"embeddable":true,"href":"https:\/\/impactodenoticias.com.ar\/index.php?rest_route=%2Fwp%2Fv2%2Fcomments&post=11122"}],"version-history":[{"count":1,"href":"https:\/\/impactodenoticias.com.ar\/index.php?rest_route=\/wp\/v2\/posts\/11122\/revisions"}],"predecessor-version":[{"id":11124,"href":"https:\/\/impactodenoticias.com.ar\/index.php?rest_route=\/wp\/v2\/posts\/11122\/revisions\/11124"}],"wp:featuredmedia":[{"embeddable":true,"href":"https:\/\/impactodenoticias.com.ar\/index.php?rest_route=\/wp\/v2\/media\/11123"}],"wp:attachment":[{"href":"https:\/\/impactodenoticias.com.ar\/index.php?rest_route=%2Fwp%2Fv2%2Fmedia&parent=11122"}],"wp:term":[{"taxonomy":"category","embeddable":true,"href":"https:\/\/impactodenoticias.com.ar\/index.php?rest_route=%2Fwp%2Fv2%2Fcategories&post=11122"},{"taxonomy":"post_tag","embeddable":true,"href":"https:\/\/impactodenoticias.com.ar\/index.php?rest_route=%2Fwp%2Fv2%2Ftags&post=11122"}],"curies":[{"name":"wp","href":"https:\/\/api.w.org\/{rel}","templated":true}]}}