{"id":11197,"date":"2025-02-11T11:22:27","date_gmt":"2025-02-11T14:22:27","guid":{"rendered":"https:\/\/impactodenoticias.com.ar\/?p=11197"},"modified":"2025-02-12T17:25:11","modified_gmt":"2025-02-12T20:25:11","slug":"aseguran-que-el-ministro-de-salud-ya-tiene-reemplazante","status":"publish","type":"post","link":"https:\/\/impactodenoticias.com.ar\/?p=11197","title":{"rendered":"Aseguran que el ministro de Salud ya tiene reemplazante"},"content":{"rendered":"\n<h2 class=\"wp-block-heading\">Trascendi\u00f3 que el Ministerio de Salud de Entre R\u00edos cambiar\u00eda a sus autoridades.<\/h2>\n\n\n\n<p>El funcionario a cargo de la cartera, Guillermo Grieve, fue tiempo atr\u00e1s blanco de varias observaciones de vieja data, como las incompatibilidades para su puesto. \u00abEl eterno jefe de Terapia del Hospital San Mart\u00edn, ya hab\u00eda sido denunciado en otros tiempos por derivar a su Centro de Atenci\u00f3n Integral y Cuidados Especiales Rehabilitaci\u00f3n (Caice), a pacientes que se encontraban en el dispositivo p\u00fablico. Tamb\u00eden fue criticado por la intervenci\u00f3n del ministerio a su cargo, en el caso del incendio en el hospital San Roque de Paran\u00e1, que termin\u00f3 con la muerte de un bebe.<\/p>\n\n\n\n<p>Esa denuncia se viraliz\u00f3 nuevamente. Pero el m\u00e9dico cometi\u00f3 un error cuando exigi\u00f3 que el Iosper incremente los aranceles, porque de no hacerlo no dar\u00eda cobertura en el Caice\u00bb, se\u00f1alaron.<\/p>\n\n\n\n<p>\u00abSu reemplazante ser\u00e1 el actual secretario de Salud, Daniel Blanzaco. En la gesti\u00f3n anterior ya se hab\u00eda desempe\u00f1ado director del Hospital San Mart\u00edn, tras ocupar el rol de director M\u00e9dico. El m\u00e9dico, con 28 a\u00f1os de experiencia, es egresado de la Facultad de Medicina de la Universidad Cat\u00f3lica de C\u00f3rdoba y se ha especializado en Medicina Interna y en Terapia Intensiva. Tambi\u00e9n fue m\u00e9dico auditor de la cuestinada obra social entrerriana, Iosper y asistente en el Caice, adem\u00e1s se desempe\u00f1\u00f3 en cl\u00ednicas privadas\u00bb, precisaron.<\/p>\n\n\n\n<p>No obstante, fuentes del gobierno se\u00f1alaron que \u00abel cargo de Blanzaco a\u00fan no se ha definido\u00bb.<\/p>\n","protected":false},"excerpt":{"rendered":"<p>Trascendi&oacute; que el Ministerio de Salud de Entre R&iacute;os cambiar&iacute;a a sus autoridades. El funcionario a cargo de la cartera, Guillermo Grieve, fue tiempo atr&aacute;s blanco de varias observaciones de vieja data, como las incompatibilidades para su puesto. &laquo;El eterno jefe de Terapia del Hospital San Mart&iacute;n, ya hab&iacute;a sido denunciado en otros tiempos por [&hellip;]<\/p>\n","protected":false},"author":2,"featured_media":11198,"comment_status":"open","ping_status":"open","sticky":false,"template":"","format":"standard","meta":{"footnotes":""},"categories":[11,4],"tags":[993,4418,33,1010,329,4348,3467],"class_list":["post-11197","post","type-post","status-publish","format-standard","has-post-thumbnail","hentry","category-politica","category-provinciales","tag-caice","tag-daniel-blanzaco","tag-entre-rios","tag-guillermo-grieve","tag-iosper","tag-ministerio-de-salud","tag-reemplazo"],"_links":{"self":[{"href":"https:\/\/impactodenoticias.com.ar\/index.php?rest_route=\/wp\/v2\/posts\/11197","targetHints":{"allow":["GET"]}}],"collection":[{"href":"https:\/\/impactodenoticias.com.ar\/index.php?rest_route=\/wp\/v2\/posts"}],"about":[{"href":"https:\/\/impactodenoticias.com.ar\/index.php?rest_route=\/wp\/v2\/types\/post"}],"author":[{"embeddable":true,"href":"https:\/\/impactodenoticias.com.ar\/index.php?rest_route=\/wp\/v2\/users\/2"}],"replies":[{"embeddable":true,"href":"https:\/\/impactodenoticias.com.ar\/index.php?rest_route=%2Fwp%2Fv2%2Fcomments&post=11197"}],"version-history":[{"count":2,"href":"https:\/\/impactodenoticias.com.ar\/index.php?rest_route=\/wp\/v2\/posts\/11197\/revisions"}],"predecessor-version":[{"id":11200,"href":"https:\/\/impactodenoticias.com.ar\/index.php?rest_route=\/wp\/v2\/posts\/11197\/revisions\/11200"}],"wp:featuredmedia":[{"embeddable":true,"href":"https:\/\/impactodenoticias.com.ar\/index.php?rest_route=\/wp\/v2\/media\/11198"}],"wp:attachment":[{"href":"https:\/\/impactodenoticias.com.ar\/index.php?rest_route=%2Fwp%2Fv2%2Fmedia&parent=11197"}],"wp:term":[{"taxonomy":"category","embeddable":true,"href":"https:\/\/impactodenoticias.com.ar\/index.php?rest_route=%2Fwp%2Fv2%2Fcategories&post=11197"},{"taxonomy":"post_tag","embeddable":true,"href":"https:\/\/impactodenoticias.com.ar\/index.php?rest_route=%2Fwp%2Fv2%2Ftags&post=11197"}],"curies":[{"name":"wp","href":"https:\/\/api.w.org\/{rel}","templated":true}]}}