{"id":11204,"date":"2025-02-11T17:49:46","date_gmt":"2025-02-11T20:49:46","guid":{"rendered":"https:\/\/impactodenoticias.com.ar\/?p=11204"},"modified":"2025-02-12T17:24:59","modified_gmt":"2025-02-12T20:24:59","slug":"agmer-convoco-a-un-congreso-antes-del-inicio-de-clases","status":"publish","type":"post","link":"https:\/\/impactodenoticias.com.ar\/?p=11204","title":{"rendered":"AGMER convoc\u00f3 a un Congreso antes del inicio de clases"},"content":{"rendered":"\n<h2 class=\"wp-block-heading\">El gremio docente reunir\u00e1 a sus congresales despu\u00e9s de retomar la paritaria con la Provincia y una semana antes del regreso previsto a las aulas en el marco del calendario escolar.<\/h2>\n\n\n\n<p>La Comisi\u00f3n Directiva Central de AGMER convoc\u00f3 a su primer Congreso Extraordinario del a\u00f1o para el lunes 17 de febrero, una semana antes del comienzo del ciclo lectivo en los niveles inicial, primario y secundario en Entre R\u00edos, previsto para el lunes 24.<\/p>\n\n\n\n<p><\/p>\n\n\n\n<figure class=\"wp-block-image size-full\"><img loading=\"lazy\" decoding=\"async\" width=\"819\" height=\"1024\" src=\"https:\/\/impactodenoticias.com.ar\/wp-content\/uploads\/2025\/02\/convocatoria-819x1024-1.jpg\" alt=\"\" class=\"wp-image-11205\" srcset=\"https:\/\/impactodenoticias.com.ar\/wp-content\/uploads\/2025\/02\/convocatoria-819x1024-1.jpg 819w, https:\/\/impactodenoticias.com.ar\/wp-content\/uploads\/2025\/02\/convocatoria-819x1024-1-240x300.jpg 240w, https:\/\/impactodenoticias.com.ar\/wp-content\/uploads\/2025\/02\/convocatoria-819x1024-1-768x960.jpg 768w\" sizes=\"auto, (max-width: 819px) 100vw, 819px\" \/><\/figure>\n\n\n\n<p><\/p>\n\n\n\n<p>El encuentro sindical docente comenzar\u00e1 a las 9 en el sal\u00f3n de la Seccional San Salvador para debatir la situaci\u00f3n nacional y provincial de la docencia y las \u201cestrategias a seguir\u201d.<\/p>\n\n\n\n<p>El Congreso llegar\u00e1 con posterioridad al encuentro paritario con el gobierno provincial, que tras un cuarto intermedio se retomar\u00e1 el jueves 13.<\/p>\n\n\n\n<p>El comienzo de negociaciones entre los gremios docentes y los representantes del Ejecutivo y el Consejo General de Educaci\u00f3n fue el viernes pasado. Fue m\u00e1s que nada un reencuentro entre los funcionarios \u2013encabezados por la titular del CGE, Alicia Fregonese, el secretario de Presupuesto y Finanzas, Uriel Brupbacher- y los sindicatos: la Asociaci\u00f3n del Magisterio de Entre R\u00edos (Agmer), la Asociaci\u00f3n del Magisterio de Ense\u00f1anza T\u00e9cnica (AMET), el Sindicato Argentino de Docentes Privados (Sadop) y la Uni\u00f3n Docentes Argentinos (UDA).<\/p>\n\n\n\n<p>No obstante, los docentes dieron a conocer una serie de pedidos que el Gobierno se comprometi\u00f3 a evaluar para el pr\u00f3ximo encuentro, del jueves 13.<\/p>\n\n\n\n<p>AGMER plante\u00f3 lo acordado por paritaria en noviembre: el pago mes a mes de incrementos de acuerdo a la inflaci\u00f3n medida por el INDEC entre enero y junio de 2025, trasladar la base de c\u00e1lculo de octubre de 2024 a enero de 2025 a partir de los haberes de febrero, el pago de la diferencia entre la pauta salarial y la inflaci\u00f3n durante el segundo semestre de 2024.<\/p>\n\n\n\n<p>Adem\u00e1s se pidi\u00f3 que, de forma inmediata, se pague por complementaria los montos pendientes de los errores de liquidaciones en los haberes de diciembre.<\/p>\n","protected":false},"excerpt":{"rendered":"<p>El gremio docente reunir&aacute; a sus congresales despu&eacute;s de retomar la paritaria con la Provincia y una semana antes del regreso previsto a las aulas en el marco del calendario escolar. La Comisi&oacute;n Directiva Central de AGMER convoc&oacute; a su primer Congreso Extraordinario del a&ntilde;o para el lunes 17 de febrero, una semana antes del [&hellip;]<\/p>\n","protected":false},"author":2,"featured_media":11206,"comment_status":"open","ping_status":"open","sticky":false,"template":"","format":"standard","meta":{"footnotes":""},"categories":[91,11,4],"tags":[52,53,639],"class_list":["post-11204","post","type-post","status-publish","format-standard","has-post-thumbnail","hentry","category-gremiales","category-politica","category-provinciales","tag-agmer","tag-congreso","tag-san-salvador"],"_links":{"self":[{"href":"https:\/\/impactodenoticias.com.ar\/index.php?rest_route=\/wp\/v2\/posts\/11204","targetHints":{"allow":["GET"]}}],"collection":[{"href":"https:\/\/impactodenoticias.com.ar\/index.php?rest_route=\/wp\/v2\/posts"}],"about":[{"href":"https:\/\/impactodenoticias.com.ar\/index.php?rest_route=\/wp\/v2\/types\/post"}],"author":[{"embeddable":true,"href":"https:\/\/impactodenoticias.com.ar\/index.php?rest_route=\/wp\/v2\/users\/2"}],"replies":[{"embeddable":true,"href":"https:\/\/impactodenoticias.com.ar\/index.php?rest_route=%2Fwp%2Fv2%2Fcomments&post=11204"}],"version-history":[{"count":2,"href":"https:\/\/impactodenoticias.com.ar\/index.php?rest_route=\/wp\/v2\/posts\/11204\/revisions"}],"predecessor-version":[{"id":11217,"href":"https:\/\/impactodenoticias.com.ar\/index.php?rest_route=\/wp\/v2\/posts\/11204\/revisions\/11217"}],"wp:featuredmedia":[{"embeddable":true,"href":"https:\/\/impactodenoticias.com.ar\/index.php?rest_route=\/wp\/v2\/media\/11206"}],"wp:attachment":[{"href":"https:\/\/impactodenoticias.com.ar\/index.php?rest_route=%2Fwp%2Fv2%2Fmedia&parent=11204"}],"wp:term":[{"taxonomy":"category","embeddable":true,"href":"https:\/\/impactodenoticias.com.ar\/index.php?rest_route=%2Fwp%2Fv2%2Fcategories&post=11204"},{"taxonomy":"post_tag","embeddable":true,"href":"https:\/\/impactodenoticias.com.ar\/index.php?rest_route=%2Fwp%2Fv2%2Ftags&post=11204"}],"curies":[{"name":"wp","href":"https:\/\/api.w.org\/{rel}","templated":true}]}}