{"id":11211,"date":"2025-02-11T18:06:44","date_gmt":"2025-02-11T21:06:44","guid":{"rendered":"https:\/\/impactodenoticias.com.ar\/?p=11211"},"modified":"2025-02-11T18:31:48","modified_gmt":"2025-02-11T21:31:48","slug":"un-nino-de-6-anos-fue-atacado-por-perros-callejeros-que-en-medio-del-ataque-le-provocaron-un-serio-accidente","status":"publish","type":"post","link":"https:\/\/impactodenoticias.com.ar\/?p=11211","title":{"rendered":"Un ni\u00f1o de 6 a\u00f1os fue atacado por perros callejeros que en medio del ataque le provocaron un serio accidente"},"content":{"rendered":"\n<h2 class=\"wp-block-heading\">La denuncia fue efectuada por el padre, quien relat\u00f3 que el ni\u00f1o fue atacado por los perros y, al caer, se rompi\u00f3 un vaso de vidrio y se cort\u00f3 los tendones de la mano.<\/h2>\n\n\n\n<p>Un vecino de la localidad de Herrera, departamento Uruguay, radic\u00f3 una denuncia en la Comisar\u00eda de Basavilbaso luego de un grave hecho sucedido en la noche del lunes, 10 de febrero, en un local gastron\u00f3mico de la ciudad.<\/p>\n\n\n\n<p>El hecho, que involucr\u00f3 a varios perros callejeros, provoc\u00f3 heridas graves en un ni\u00f1o de 6 a\u00f1os, quien debi\u00f3 ser trasladado a Paran\u00e1 para recibir atenci\u00f3n m\u00e9dica especializada.<\/p>\n\n\n\n<p>Seg\u00fan consta en la denuncia, el vecino, identificado como Juan Julio Egel, de 57 a\u00f1os, se present\u00f3 en la sede policial para detallar lo sucedido.<\/p>\n\n\n\n<p>Egel, contratista rural y residente en Colonia San Carlos, explic\u00f3 que cerca de las 22:15 del s\u00e1bado 10 de febrero, se encontraba cenando con su familia en el local \u201cBahamas\u201d, ubicado en la calle San Mart\u00edn entre G\u00f3mez y Hirsch de Basavilbaso. Durante la cena, varios perros callejeros se acercaron a la mesa, lo que gener\u00f3 incomodidad y preocupaci\u00f3n entre los comensales.<\/p>\n\n\n\n<p>Egel describi\u00f3 que los animales, entre los que se encontraban un perro negro de aproximadamente 70 cent\u00edmetros de altura y otro de raza ovejero de unos 50 cent\u00edmetros, se mostraban agresivos y llegaron a gru\u00f1ir cuando intentaron ahuyentarlos.<\/p>\n\n\n\n<p>En un momento, su hijo menor, AIE, de 6 a\u00f1os, se ofreci\u00f3 a buscar hielo para su bebida. Al salir del local con un vaso de vidrio, el ni\u00f1o fue sorprendido por el gru\u00f1ido de uno de los perros, lo que le provoc\u00f3 un susto que deriv\u00f3 en la ca\u00edda y la rotura del vaso, cort\u00e1ndose la mano.<\/p>\n\n\n\n<p>Ante la gravedad de la herida, la familia llev\u00f3 al menor al hospital \u201cSagrado Coraz\u00f3n de Jes\u00fas\u201d de Basavilbaso, desde donde fue derivado en ambulancia al Hospital de Concepci\u00f3n del Uruguay.<\/p>\n\n\n\n<p>All\u00ed, los m\u00e9dicos determinaron que el ni\u00f1o hab\u00eda sufrido un corte en los tendones de la mano, por lo que fue programado su traslado a Paran\u00e1 para recibir tratamiento especializado.<\/p>\n\n\n\n<p>En su denuncia, Egel subray\u00f3 que los perros involucrados en el incidente son animales callejeros que frecuentan la zona y que ya hab\u00edan causado molestias anteriores, como peleas entre ellos y situaciones de riesgo para los transe\u00fantes.<\/p>\n\n\n\n<p>\u201cEstos perros son un peligro para cualquier persona en el lugar\u201d, asegur\u00f3 el vecino, quien solicit\u00f3 la intervenci\u00f3n del municipio para controlar la situaci\u00f3n y evitar que hechos similares se repitan. La denuncia fue certificada por el funcionario policial a cargo, quien extendi\u00f3 el documento correspondiente a solicitud del denunciante.<\/p>\n\n\n\n<p>El caso qued\u00f3 caratulado como \u201cDenuncia de Egel Juan Julio\u201d y se espera que las autoridades municipales tomen medidas al respecto.<\/p>\n\n\n\n<p>El incidente ha generado mucha preocupaci\u00f3n entre los vecinos de Basavilbaso, quienes reclaman una soluci\u00f3n urgente al problema de los perros agresivos callejeros en la zona.<\/p>\n","protected":false},"excerpt":{"rendered":"<p>La denuncia fue efectuada por el padre, quien relat&oacute; que el ni&ntilde;o fue atacado por los perros y, al caer, se rompi&oacute; un vaso de vidrio y se cort&oacute; los tendones de la mano. Un vecino de la localidad de Herrera, departamento Uruguay, radic&oacute; una denuncia en la Comisar&iacute;a de Basavilbaso luego de un grave [&hellip;]<\/p>\n","protected":false},"author":2,"featured_media":11212,"comment_status":"open","ping_status":"open","sticky":false,"template":"","format":"standard","meta":{"footnotes":""},"categories":[8,4],"tags":[120,1075,4424,882,4426,859,503,3636,4425],"class_list":["post-11211","post","type-post","status-publish","format-standard","has-post-thumbnail","hentry","category-policiales","category-provinciales","tag-accidente","tag-atacado","tag-callejeros","tag-corte","tag-herrera","tag-mano","tag-nino","tag-perros","tag-tendones"],"_links":{"self":[{"href":"https:\/\/impactodenoticias.com.ar\/index.php?rest_route=\/wp\/v2\/posts\/11211","targetHints":{"allow":["GET"]}}],"collection":[{"href":"https:\/\/impactodenoticias.com.ar\/index.php?rest_route=\/wp\/v2\/posts"}],"about":[{"href":"https:\/\/impactodenoticias.com.ar\/index.php?rest_route=\/wp\/v2\/types\/post"}],"author":[{"embeddable":true,"href":"https:\/\/impactodenoticias.com.ar\/index.php?rest_route=\/wp\/v2\/users\/2"}],"replies":[{"embeddable":true,"href":"https:\/\/impactodenoticias.com.ar\/index.php?rest_route=%2Fwp%2Fv2%2Fcomments&post=11211"}],"version-history":[{"count":2,"href":"https:\/\/impactodenoticias.com.ar\/index.php?rest_route=\/wp\/v2\/posts\/11211\/revisions"}],"predecessor-version":[{"id":11218,"href":"https:\/\/impactodenoticias.com.ar\/index.php?rest_route=\/wp\/v2\/posts\/11211\/revisions\/11218"}],"wp:featuredmedia":[{"embeddable":true,"href":"https:\/\/impactodenoticias.com.ar\/index.php?rest_route=\/wp\/v2\/media\/11212"}],"wp:attachment":[{"href":"https:\/\/impactodenoticias.com.ar\/index.php?rest_route=%2Fwp%2Fv2%2Fmedia&parent=11211"}],"wp:term":[{"taxonomy":"category","embeddable":true,"href":"https:\/\/impactodenoticias.com.ar\/index.php?rest_route=%2Fwp%2Fv2%2Fcategories&post=11211"},{"taxonomy":"post_tag","embeddable":true,"href":"https:\/\/impactodenoticias.com.ar\/index.php?rest_route=%2Fwp%2Fv2%2Ftags&post=11211"}],"curies":[{"name":"wp","href":"https:\/\/api.w.org\/{rel}","templated":true}]}}