{"id":11259,"date":"2025-02-12T10:34:53","date_gmt":"2025-02-12T13:34:53","guid":{"rendered":"https:\/\/impactodenoticias.com.ar\/?p=11259"},"modified":"2025-02-14T11:38:59","modified_gmt":"2025-02-14T14:38:59","slug":"sobresueldos-eran-los-que-cobraban-stratta-y-medio-gabinete-de-bordet-apunto-vergara","status":"publish","type":"post","link":"https:\/\/impactodenoticias.com.ar\/?p=11259","title":{"rendered":"\u00abSobresueldos eran los que cobraban Stratta y medio gabinete de Bordet\u201d, apunt\u00f3 Vergara"},"content":{"rendered":"\n<h2 class=\"wp-block-heading\">El senador por el departamento Diamante le exigi\u00f3 a la ex vicegobernadora Laura Stratta que \u201csi conoce algo que no corresponde, que denuncie con nombre y apellido en la justicia\u201d.<\/h2>\n\n\n\n<p>El senador por el departamento Diamante, Jos\u00e9 Vergara, expres\u00f3 que \u201csobresueldos eran los que cobraban Stratta y medio gabinete de Bordet\u201d. Y le exigi\u00f3 a la ex vicegobernadora Stratta que \u201csi conoce algo que no corresponde, que denuncie con nombre y apellido en la justicia\u201d.<\/p>\n\n\n\n<p>\u201cResulta que los funcionarios que durante 20 a\u00f1os cobraban dos, tres y hasta cuatro sueldos del Estado, que ingresaron a toda su familia, amigos y militantes a planta permanente y que est\u00e1n siendo investigados por negocios incompatibles con la funci\u00f3n p\u00fablica ahora piden informes\u201d, dispar\u00f3 Vergara.<\/p>\n\n\n\n<p>El ex intendente de Ram\u00edrez le solicit\u00f3 a la ex vicegobernadora que \u201csi conoce algo que no corresponde, que denuncie con nombre y apellido en la justicia. No podemos avalar pol\u00edticos que dicen cualquier pavada en los medios sin pruebas\u201d.<\/p>\n\n\n\n<p>Record\u00f3 tambi\u00e9n que \u201cStratta todav\u00eda tiene que dar explicaciones por la malversaci\u00f3n de fondos con la compra de cobijas cuando fue ministra, el manejo de subsidios con fines pol\u00edticos en su ciudad, Victoria, y por los contratos truchos que manej\u00f3 junto con el ex senador Edgardo Kueider durante a\u00f1os cuando estuvo a cargo del Senado\u201d.<\/p>\n\n\n\n<p>\u201cAhora que vino un gobierno a poner blanco sobre negro, que hay decisi\u00f3n pol\u00edtica de transparentar la remuneraci\u00f3n del personal abocado al trabajo en el gabinete y que estamos reduciendo la casta pol\u00edtica que durante d\u00e9cadas exprimi\u00f3 a los entrerrianos, personas como Stratta se convierte en defensoras de una transparencia que nunca ejercieron\u201d, destac\u00f3 Vergara.<\/p>\n\n\n\n<p>El legislador oficialista se\u00f1al\u00f3 que \u201cla medida tomada por la gesti\u00f3n actual es id\u00e9ntica a la que rige en Naci\u00f3n hace muchos a\u00f1os y permite que cada gesti\u00f3n de gobierno tenga el personal que necesita pero sin engrosar el Estado. En los gobiernos de Sergio Urribarri, Gustavo Bordet y Laura Stratta cada secretario, cada asesor ingresaba al Estado y engordaba el empleo p\u00fablico, al poco tiempo hac\u00eda entrar a un pariente, a otro. Y esto se convert\u00eda en un collar de sand\u00edas para los entrerrianos de a pie que son los que soportaban el peso de los privilegios de la pol\u00edtica\u201d, subray\u00f3.<\/p>\n\n\n\n<p>\u201cLo que m\u00e1s molesta a Stratta y compa\u00f1\u00eda es que con esta nueva modalidad que estamos creando se va a terminar el curro para ella y los militantes que hac\u00eda entrar al Estado con sueldos millonarios que pag\u00e1bamos todos\u201d, finaliz\u00f3.<\/p>\n","protected":false},"excerpt":{"rendered":"<p>El senador por el departamento Diamante le exigi&oacute; a la ex vicegobernadora Laura Stratta que &ldquo;si conoce algo que no corresponde, que denuncie con nombre y apellido en la justicia&rdquo;. El senador por el departamento Diamante, Jos&eacute; Vergara, expres&oacute; que &ldquo;sobresueldos eran los que cobraban Stratta y medio gabinete de Bordet&rdquo;. Y le exigi&oacute; a [&hellip;]<\/p>\n","protected":false},"author":2,"featured_media":11260,"comment_status":"open","ping_status":"open","sticky":false,"template":"","format":"standard","meta":{"footnotes":""},"categories":[11,4],"tags":[73,27,32,3514,164,1500,4440],"class_list":["post-11259","post","type-post","status-publish","format-standard","has-post-thumbnail","hentry","category-politica","category-provinciales","tag-diamante","tag-edgardo-kueider","tag-gustavo-bordet","tag-jose-vergara","tag-laura-stratta","tag-sergio-urribarri","tag-sobresueldos"],"_links":{"self":[{"href":"https:\/\/impactodenoticias.com.ar\/index.php?rest_route=\/wp\/v2\/posts\/11259","targetHints":{"allow":["GET"]}}],"collection":[{"href":"https:\/\/impactodenoticias.com.ar\/index.php?rest_route=\/wp\/v2\/posts"}],"about":[{"href":"https:\/\/impactodenoticias.com.ar\/index.php?rest_route=\/wp\/v2\/types\/post"}],"author":[{"embeddable":true,"href":"https:\/\/impactodenoticias.com.ar\/index.php?rest_route=\/wp\/v2\/users\/2"}],"replies":[{"embeddable":true,"href":"https:\/\/impactodenoticias.com.ar\/index.php?rest_route=%2Fwp%2Fv2%2Fcomments&post=11259"}],"version-history":[{"count":1,"href":"https:\/\/impactodenoticias.com.ar\/index.php?rest_route=\/wp\/v2\/posts\/11259\/revisions"}],"predecessor-version":[{"id":11261,"href":"https:\/\/impactodenoticias.com.ar\/index.php?rest_route=\/wp\/v2\/posts\/11259\/revisions\/11261"}],"wp:featuredmedia":[{"embeddable":true,"href":"https:\/\/impactodenoticias.com.ar\/index.php?rest_route=\/wp\/v2\/media\/11260"}],"wp:attachment":[{"href":"https:\/\/impactodenoticias.com.ar\/index.php?rest_route=%2Fwp%2Fv2%2Fmedia&parent=11259"}],"wp:term":[{"taxonomy":"category","embeddable":true,"href":"https:\/\/impactodenoticias.com.ar\/index.php?rest_route=%2Fwp%2Fv2%2Fcategories&post=11259"},{"taxonomy":"post_tag","embeddable":true,"href":"https:\/\/impactodenoticias.com.ar\/index.php?rest_route=%2Fwp%2Fv2%2Ftags&post=11259"}],"curies":[{"name":"wp","href":"https:\/\/api.w.org\/{rel}","templated":true}]}}