{"id":11293,"date":"2025-02-12T23:39:01","date_gmt":"2025-02-13T02:39:01","guid":{"rendered":"https:\/\/impactodenoticias.com.ar\/?p=11293"},"modified":"2025-02-14T11:38:37","modified_gmt":"2025-02-14T14:38:37","slug":"el-comite-provincial-de-la-ucr-convoco-a-elecciones-internas","status":"publish","type":"post","link":"https:\/\/impactodenoticias.com.ar\/?p=11293","title":{"rendered":"El Comit\u00e9 Provincial de la UCR convoc\u00f3 a elecciones internas"},"content":{"rendered":"\n<p class=\"has-medium-font-size\"><strong>El domingo 6 de abril los afiliados a la UCR fueron convocados a elecciones para elegir autoridades partidarias del Comit\u00e9 Provincial, de la Juventud y Delegados al Comit\u00e9 Nacional.<\/strong><\/p>\n\n\n\n<p>El Comit\u00e9 Provincial de la Uni\u00f3n C\u00edvica Radical (UCR), convoc\u00f3 a elecciones para renovar autoridades partidarias, ser\u00e1 el domingo 6 de abril. Se votar\u00e1 con boleta \u00fanica.<\/p>\n\n\n\n<p>Con el voto directo y con el padr\u00f3n de afiliados que se cerrar\u00e1 al d\u00eda 16 de febrero 2025, se elegir\u00e1n un Presidente; Un Vicepresidente Primero; Un Vicepresidente Segundo, Un Secretario; Un Prosecretario; Un Tesorero; Un Protesorero; Un Secretario de Prensa y Medios; Un Prosecretario de Prensa y Medios,14 Vocales Titulares y 10 Suplentes para el Comit\u00e9 Provincial por el per\u00edodo 2025\/2027.<\/p>\n\n\n\n<p>Adem\u00e1s se elegir\u00e1 Rector del Partido para el per\u00edodo 2025\/2027 y cuatro Delegados Titulares y dos Suplentes para el Comit\u00e9 Nacional, per\u00edodo 2025\/2027.<\/p>\n\n\n\n<p>En el acto eleccionario tambi\u00e9n se definir\u00e1n las autoridades del Comit\u00e9 Ciudad, de los Comit\u00e9s Departamentales, los congresales que representar\u00e1n a cada distrito en el Congreso Provincial y las autoridades de las seccionales y circuitos. En la oportunidad se elegir\u00e1n tambi\u00e9n las autoridades de la Juventud Radical.<\/p>\n\n\n\n<p>En la convocatoria formal emitida por el Comit\u00e9 se establece que cada candidato deber\u00e1 presentar el libre deuda, emitido por la tesorer\u00eda del partido, con los aportes correspondientes seg\u00fan los porcentajes establecidos en la Carta Org\u00e1nica, con la documentaci\u00f3n respaldatoria que lo acredite, adem\u00e1s de las fotocopias legalizadas de la documentaci\u00f3n pertinente.<\/p>\n","protected":false},"excerpt":{"rendered":"<p>El domingo 6 de abril los afiliados a la UCR fueron convocados a elecciones para elegir autoridades partidarias del Comit&eacute; Provincial, de la Juventud y Delegados al Comit&eacute; Nacional. El Comit&eacute; Provincial de la Uni&oacute;n C&iacute;vica Radical (UCR), convoc&oacute; a elecciones para renovar autoridades partidarias, ser&aacute; el domingo 6 de abril. Se votar&aacute; con boleta [&hellip;]<\/p>\n","protected":false},"author":2,"featured_media":11294,"comment_status":"open","ping_status":"open","sticky":false,"template":"","format":"standard","meta":{"footnotes":""},"categories":[11,4],"tags":[3942,4076,216],"class_list":["post-11293","post","type-post","status-publish","format-standard","has-post-thumbnail","hentry","category-politica","category-provinciales","tag-elecciones","tag-internas","tag-ucr"],"_links":{"self":[{"href":"https:\/\/impactodenoticias.com.ar\/index.php?rest_route=\/wp\/v2\/posts\/11293","targetHints":{"allow":["GET"]}}],"collection":[{"href":"https:\/\/impactodenoticias.com.ar\/index.php?rest_route=\/wp\/v2\/posts"}],"about":[{"href":"https:\/\/impactodenoticias.com.ar\/index.php?rest_route=\/wp\/v2\/types\/post"}],"author":[{"embeddable":true,"href":"https:\/\/impactodenoticias.com.ar\/index.php?rest_route=\/wp\/v2\/users\/2"}],"replies":[{"embeddable":true,"href":"https:\/\/impactodenoticias.com.ar\/index.php?rest_route=%2Fwp%2Fv2%2Fcomments&post=11293"}],"version-history":[{"count":1,"href":"https:\/\/impactodenoticias.com.ar\/index.php?rest_route=\/wp\/v2\/posts\/11293\/revisions"}],"predecessor-version":[{"id":11295,"href":"https:\/\/impactodenoticias.com.ar\/index.php?rest_route=\/wp\/v2\/posts\/11293\/revisions\/11295"}],"wp:featuredmedia":[{"embeddable":true,"href":"https:\/\/impactodenoticias.com.ar\/index.php?rest_route=\/wp\/v2\/media\/11294"}],"wp:attachment":[{"href":"https:\/\/impactodenoticias.com.ar\/index.php?rest_route=%2Fwp%2Fv2%2Fmedia&parent=11293"}],"wp:term":[{"taxonomy":"category","embeddable":true,"href":"https:\/\/impactodenoticias.com.ar\/index.php?rest_route=%2Fwp%2Fv2%2Fcategories&post=11293"},{"taxonomy":"post_tag","embeddable":true,"href":"https:\/\/impactodenoticias.com.ar\/index.php?rest_route=%2Fwp%2Fv2%2Ftags&post=11293"}],"curies":[{"name":"wp","href":"https:\/\/api.w.org\/{rel}","templated":true}]}}