{"id":11313,"date":"2025-02-14T10:51:16","date_gmt":"2025-02-14T13:51:16","guid":{"rendered":"https:\/\/impactodenoticias.com.ar\/?p=11313"},"modified":"2025-02-14T10:51:16","modified_gmt":"2025-02-14T13:51:16","slug":"clima-en-entre-rios-rige-alerta-amarillo-y-naranja-en-entre-rios-por-tormentas-fuertes","status":"publish","type":"post","link":"https:\/\/impactodenoticias.com.ar\/?p=11313","title":{"rendered":"Clima en Entre R\u00edos: rige alerta amarillo y naranja en Entre R\u00edos por tormentas fuertes"},"content":{"rendered":"\n<p class=\"has-medium-font-size\"><strong>Se anticipan lluvias y tormentas en todo el territorio provincial, no obstante para ma\u00f1ana s\u00e1bado rige alerta naranja en 10 departamentos del centro y norte prev\u00e9n hasta 100 mil\u00edmetros de forma localizada.<\/strong><\/p>\n\n\n\n<p>El Servicio Meteorol\u00f3gico Nacional \u2013SMN\u2013 renov\u00f3 el alerta amarillo para el territorio de la provincia de Entre R\u00edos a partir de este viernes en horas de la noche y elev\u00f3 a naranja la advertencia durante la madrugada de este s\u00e1bado en el centro y norte provincial.<\/p>\n\n\n\n<p>Informan que las precipitaciones m\u00e1s abundantes se aguardan durante las primeras horas de este s\u00e1bado. Las lluvias fuertes se extender\u00e1n al menos hasta ma\u00f1ana de ma\u00f1ana. Con posterioridad la jornada continuar\u00e1 inestable hasta el domingo.<\/p>\n\n\n\n<p>Seg\u00fan los alertas del SMN, toda la provincia aguarda por lluvias y tormentas. Sin embargo, en horas de la madrugada se espera que las inestabilidades sean mas extramas, en los departamentos Paran\u00e1, La Paz, Diamante, Nogoy\u00e1, Villaguay, Concordia, Federal, Federaci\u00f3n, Feliciano y San Salvador.<\/p>\n\n\n\n<p class=\"has-medium-font-size\"><strong>Alerta amarillo<\/strong> <strong>para el viernes 14 de febrero<\/strong><\/p>\n\n\n\n<p><\/p>\n\n\n\n<figure class=\"wp-block-image size-full\"><img loading=\"lazy\" decoding=\"async\" width=\"472\" height=\"800\" src=\"https:\/\/impactodenoticias.com.ar\/wp-content\/uploads\/2025\/02\/mapa_alertas-3.png\" alt=\"\" class=\"wp-image-11314\" srcset=\"https:\/\/impactodenoticias.com.ar\/wp-content\/uploads\/2025\/02\/mapa_alertas-3.png 472w, https:\/\/impactodenoticias.com.ar\/wp-content\/uploads\/2025\/02\/mapa_alertas-3-177x300.png 177w\" sizes=\"auto, (max-width: 472px) 100vw, 472px\" \/><\/figure>\n\n\n\n<p><\/p>\n\n\n\n<p>El \u00e1rea ser\u00e1 afectada por tormentas aisladas, algunas localmente fuertes. Las mismas estar\u00e1n acompa\u00f1adas por abundante ca\u00edda de agua en cortos per\u00edodos, actividad el\u00e9ctrica, ocasional ca\u00edda de granizo y r\u00e1fagas que podr\u00edan estar entre 60 y 90 km\/h.<\/p>\n\n\n\n<p>Se prev\u00e9n valores de precipitaci\u00f3n acumulada entre 15 y 40 mm, pudiendo ser superados en forma puntual. Sin embargo, en el sur de Santa Fe, sur de Entre R\u00edos y Norte de la provincia de Buenos Aires los valores de precipitaci\u00f3n podr\u00edan ser mayores, entre 50 y 70 mil\u00edmetros.<\/p>\n\n\n\n<p class=\"has-medium-font-size\"><strong>Alerta naranja<\/strong> <strong>para el s\u00e1bado 15 de febrero<\/strong><\/p>\n\n\n\n<p><\/p>\n\n\n\n<figure class=\"wp-block-image size-full\"><img loading=\"lazy\" decoding=\"async\" width=\"472\" height=\"800\" src=\"https:\/\/impactodenoticias.com.ar\/wp-content\/uploads\/2025\/02\/mapa_alertas-1-1.png\" alt=\"\" class=\"wp-image-11315\" srcset=\"https:\/\/impactodenoticias.com.ar\/wp-content\/uploads\/2025\/02\/mapa_alertas-1-1.png 472w, https:\/\/impactodenoticias.com.ar\/wp-content\/uploads\/2025\/02\/mapa_alertas-1-1-177x300.png 177w\" sizes=\"auto, (max-width: 472px) 100vw, 472px\" \/><\/figure>\n\n\n\n<p><\/p>\n\n\n\n<p>El \u00e1rea ser\u00e1 afectada por lluvias intensas y tormentas fuertes, algunas localmente severas. Las mismas estar\u00e1n acompa\u00f1adas por r\u00e1fagas que podr\u00edan alcanzar los 80 km\/h, ca\u00edda de granizo, fuerte actividad el\u00e9ctrica y especialmente, abundante ca\u00edda de agua en cortos per\u00edodos.<\/p>\n\n\n\n<p>Se prev\u00e9n valores de precipitaci\u00f3n acumulada entre 60 y 100 mil\u00edmetros, pudiendo ser superados en forma puntual.<\/p>\n","protected":false},"excerpt":{"rendered":"<p>Se anticipan lluvias y tormentas en todo el territorio provincial, no obstante para ma&ntilde;ana s&aacute;bado rige alerta naranja en 10 departamentos del centro y norte prev&eacute;n hasta 100 mil&iacute;metros de forma localizada. El Servicio Meteorol&oacute;gico Nacional &ndash;SMN&ndash; renov&oacute; el alerta amarillo para el territorio de la provincia de Entre R&iacute;os a partir de este viernes [&hellip;]<\/p>\n","protected":false},"author":2,"featured_media":10901,"comment_status":"open","ping_status":"open","sticky":false,"template":"","format":"standard","meta":{"footnotes":""},"categories":[4,49],"tags":[38,33],"class_list":["post-11313","post","type-post","status-publish","format-standard","has-post-thumbnail","hentry","category-provinciales","category-sociedad","tag-clima","tag-entre-rios"],"_links":{"self":[{"href":"https:\/\/impactodenoticias.com.ar\/index.php?rest_route=\/wp\/v2\/posts\/11313","targetHints":{"allow":["GET"]}}],"collection":[{"href":"https:\/\/impactodenoticias.com.ar\/index.php?rest_route=\/wp\/v2\/posts"}],"about":[{"href":"https:\/\/impactodenoticias.com.ar\/index.php?rest_route=\/wp\/v2\/types\/post"}],"author":[{"embeddable":true,"href":"https:\/\/impactodenoticias.com.ar\/index.php?rest_route=\/wp\/v2\/users\/2"}],"replies":[{"embeddable":true,"href":"https:\/\/impactodenoticias.com.ar\/index.php?rest_route=%2Fwp%2Fv2%2Fcomments&post=11313"}],"version-history":[{"count":1,"href":"https:\/\/impactodenoticias.com.ar\/index.php?rest_route=\/wp\/v2\/posts\/11313\/revisions"}],"predecessor-version":[{"id":11316,"href":"https:\/\/impactodenoticias.com.ar\/index.php?rest_route=\/wp\/v2\/posts\/11313\/revisions\/11316"}],"wp:featuredmedia":[{"embeddable":true,"href":"https:\/\/impactodenoticias.com.ar\/index.php?rest_route=\/wp\/v2\/media\/10901"}],"wp:attachment":[{"href":"https:\/\/impactodenoticias.com.ar\/index.php?rest_route=%2Fwp%2Fv2%2Fmedia&parent=11313"}],"wp:term":[{"taxonomy":"category","embeddable":true,"href":"https:\/\/impactodenoticias.com.ar\/index.php?rest_route=%2Fwp%2Fv2%2Fcategories&post=11313"},{"taxonomy":"post_tag","embeddable":true,"href":"https:\/\/impactodenoticias.com.ar\/index.php?rest_route=%2Fwp%2Fv2%2Ftags&post=11313"}],"curies":[{"name":"wp","href":"https:\/\/api.w.org\/{rel}","templated":true}]}}