{"id":11349,"date":"2025-02-17T08:47:26","date_gmt":"2025-02-17T11:47:26","guid":{"rendered":"https:\/\/impactodenoticias.com.ar\/?p=11349"},"modified":"2025-02-17T08:47:27","modified_gmt":"2025-02-17T11:47:27","slug":"las-autoridades-investigan-por-estas-horas-el-hallazgo-de-un-cuerpo-flotando-en-aguas-del-rio-parana","status":"publish","type":"post","link":"https:\/\/impactodenoticias.com.ar\/?p=11349","title":{"rendered":"Las autoridades investigan por estas horas el hallazgo de un cuerpo flotando en aguas del r\u00edo Paran\u00e1"},"content":{"rendered":"\n<h2 class=\"wp-block-heading\">El cuerpo de un hombre fue observado flotando en el r\u00edo Paran\u00e1, en jurisdicci\u00f3n del departamento Diamante. Pescadores dieron aviso tras la detecci\u00f3n del cuerpo.<\/h2>\n\n\n\n<p>Encontraron un cuerpo flotando en las aguas del r\u00edo Paran\u00e1, a la altura de Puerto General Alvear, en el departamento Diamante. El tenebroso hallazgo fue protagonizado por pescadores locales, quienes de inmediato dieron aviso a las autoridades policiales.<\/p>\n\n\n\n<p>El personal de la comisar\u00eda de la localidad se present\u00f3 en el lugar para realizar las diligencias correspondientes.<\/p>\n\n\n\n<p>Hasta el momento se desconoce la identidad del hombre hallado en aguas del r\u00edo Paran\u00e1. Trascendi\u00f3 que se trata de un hombre de entre 55 a 60 a\u00f1os, el cual vest\u00eda una remera mandas largas roja, pantal\u00f3n de gabardina marr\u00f3n claro y zapatillas negras.<\/p>\n\n\n\n<p>El cuerpo fue retirado del agua y trasladado a la morgue judicial de Oro Verde, donde se llevar\u00e1 a cabo la identificaci\u00f3n y la autopsia correspondiente para determinar las causas del fallecimiento.<\/p>\n","protected":false},"excerpt":{"rendered":"<p>El cuerpo de un hombre fue observado flotando en el r&iacute;o Paran&aacute;, en jurisdicci&oacute;n del departamento Diamante. Pescadores dieron aviso tras la detecci&oacute;n del cuerpo. Encontraron un cuerpo flotando en las aguas del r&iacute;o Paran&aacute;, a la altura de Puerto General Alvear, en el departamento Diamante. El tenebroso hallazgo fue protagonizado por pescadores locales, quienes [&hellip;]<\/p>\n","protected":false},"author":2,"featured_media":11350,"comment_status":"open","ping_status":"open","sticky":false,"template":"","format":"standard","meta":{"footnotes":""},"categories":[8,4],"tags":[4476,260,33,4477,2936,146,397],"class_list":["post-11349","post","type-post","status-publish","format-standard","has-post-thumbnail","hentry","category-policiales","category-provinciales","tag-aguas","tag-cuerpo","tag-entre-rios","tag-general-alvear","tag-hallado","tag-hombre","tag-rio-parana"],"_links":{"self":[{"href":"https:\/\/impactodenoticias.com.ar\/index.php?rest_route=\/wp\/v2\/posts\/11349","targetHints":{"allow":["GET"]}}],"collection":[{"href":"https:\/\/impactodenoticias.com.ar\/index.php?rest_route=\/wp\/v2\/posts"}],"about":[{"href":"https:\/\/impactodenoticias.com.ar\/index.php?rest_route=\/wp\/v2\/types\/post"}],"author":[{"embeddable":true,"href":"https:\/\/impactodenoticias.com.ar\/index.php?rest_route=\/wp\/v2\/users\/2"}],"replies":[{"embeddable":true,"href":"https:\/\/impactodenoticias.com.ar\/index.php?rest_route=%2Fwp%2Fv2%2Fcomments&post=11349"}],"version-history":[{"count":1,"href":"https:\/\/impactodenoticias.com.ar\/index.php?rest_route=\/wp\/v2\/posts\/11349\/revisions"}],"predecessor-version":[{"id":11351,"href":"https:\/\/impactodenoticias.com.ar\/index.php?rest_route=\/wp\/v2\/posts\/11349\/revisions\/11351"}],"wp:featuredmedia":[{"embeddable":true,"href":"https:\/\/impactodenoticias.com.ar\/index.php?rest_route=\/wp\/v2\/media\/11350"}],"wp:attachment":[{"href":"https:\/\/impactodenoticias.com.ar\/index.php?rest_route=%2Fwp%2Fv2%2Fmedia&parent=11349"}],"wp:term":[{"taxonomy":"category","embeddable":true,"href":"https:\/\/impactodenoticias.com.ar\/index.php?rest_route=%2Fwp%2Fv2%2Fcategories&post=11349"},{"taxonomy":"post_tag","embeddable":true,"href":"https:\/\/impactodenoticias.com.ar\/index.php?rest_route=%2Fwp%2Fv2%2Ftags&post=11349"}],"curies":[{"name":"wp","href":"https:\/\/api.w.org\/{rel}","templated":true}]}}