{"id":11369,"date":"2025-02-17T10:35:54","date_gmt":"2025-02-17T13:35:54","guid":{"rendered":"https:\/\/impactodenoticias.com.ar\/?p=11369"},"modified":"2025-02-19T15:09:12","modified_gmt":"2025-02-19T18:09:12","slug":"alejandro-canepa-y-alvaro-pierola-insisten-en-condicionar-al-poder-legisltivo","status":"publish","type":"post","link":"https:\/\/impactodenoticias.com.ar\/?p=11369","title":{"rendered":"Alejandro Canepa y \u00c1lvaro Pierola insisten en condicionar al Poder Legisltivo"},"content":{"rendered":"\n<h2 class=\"wp-block-heading\">La Asociaci\u00f3n de la Magistratura y la Funci\u00f3n Judicial de Entre R\u00edos ha manifestado su rechazo a las reformas impulsadas por el Poder Ejecutivo en la estructura y funcionamiento del Consejo de la Magistratura. Alegan que se trata de una intromisi\u00f3n en los procesos de selecci\u00f3n de jueces, fiscales y defensores, y que las modificaciones propuestas vulneran principios constitucionales.<\/h2>\n\n\n\n<p>Sin embargo, detr\u00e1s de esta reacci\u00f3n se esconde una evidente resistencia a la modernizaci\u00f3n y democratizaci\u00f3n de un sistema que ha estado hist\u00f3ricamente cooptado por un grupo reducido de magistrados y funcionarios judiciales con fuerte peso corporativo.<\/p>\n\n\n\n<ol class=\"wp-block-list\">\n<li>Un intento de mantener el statu quo<\/li>\n<\/ol>\n\n\n\n<p>El principal argumento de la Asociaci\u00f3n es que la reforma limitar\u00eda la autonom\u00eda del Poder Judicial al modificar la integraci\u00f3n del Consejo y los criterios de selecci\u00f3n de los magistrados. Pero lo que realmente est\u00e1 en juego es el control sobre el mecanismo de designaci\u00f3n de jueces, un sistema que hasta ahora ha favorecido la autoperpetuaci\u00f3n de una \u00e9lite judicial que responde a intereses pol\u00edticos y sectoriales.<\/p>\n\n\n\n<p>Cabe recordar que el Consejo de la Magistratura tiene la funci\u00f3n esencial de garantizar concursos transparentes, evitando la manipulaci\u00f3n de ternas y el direccionamiento de nombramientos. Sin embargo, el modelo actual ha demostrado ser ineficaz, con m\u00e1s de 90 vacantes sin cubrir, procesos de selecci\u00f3n paralizados por a\u00f1os y escasos mecanismos de control externo.<\/p>\n\n\n\n<p>La negativa de la Asociaci\u00f3n a cualquier reforma que afecte su capacidad de influir en la designaci\u00f3n de jueces y fiscales evidencia que su verdadero inter\u00e9s no es la independencia judicial, sino la preservaci\u00f3n de un esquema que les otorga un poder desproporcionado en el proceso de selecci\u00f3n.<\/p>\n\n\n\n<ol class=\"wp-block-list\" start=\"2\">\n<li>Incompatibilidad con la funci\u00f3n jurisdiccional<\/li>\n<\/ol>\n\n\n\n<p>Un aspecto especialmente preocupante es que los magistrados firmantes del documento\u2014Alejandro C\u00e1nepa, Mar\u00eda Gabriela L\u00f3pez Arango, \u00c1lvaro Pi\u00e9rola y Fabiola Bogado Ibarra\u2014han tomado una postura activa y p\u00fablica contra una iniciativa legislativa que podr\u00eda ser objeto de futuras impugnaciones ante la justicia.<\/p>\n\n\n\n<p>Esto plantea serias dudas sobre su imparcialidad y objetividad. Si el proyecto de ley es aprobado y posteriormente impugnado ante los tribunales, \u00bfc\u00f3mo podr\u00e1n estos jueces y fiscales garantizar un tratamiento imparcial del caso cuando ya han manifestado abiertamente su oposici\u00f3n a la norma?<\/p>\n\n\n\n<p>La intervenci\u00f3n de la Asociaci\u00f3n en el debate legislativo sobre la reforma del Consejo de la Magistratura no solo es inusual, sino que compromete la credibilidad del Poder Judicial. Quienes hoy se erigen como defensores de la independencia judicial, en realidad, est\u00e1n actuando como un grupo de presi\u00f3n pol\u00edtica que busca condicionar la labor de los otros poderes del Estado.<\/p>\n\n\n\n<ol class=\"wp-block-list\" start=\"3\">\n<li>La falta de autocr\u00edtica sobre el fracaso del sistema actual<\/li>\n<\/ol>\n\n\n\n<p>Otro punto clave es que la Asociaci\u00f3n reconoce la par\u00e1lisis del sistema de concursos, con 97 vacantes sin cubrir, pero en lugar de proponer soluciones reales, insiste en mantener el mismo esquema que ha llevado al colapso del Consejo de la Magistratura.<\/p>\n\n\n\n<p>Su propuesta de modificar la metodolog\u00eda del examen escrito y de reintroducir puntajes en los \u00f3rdenes de m\u00e9rito no resuelve el problema de fondo: la falta de transparencia y agilidad en los concursos. Adem\u00e1s, se niegan a aceptar cambios en la composici\u00f3n del Consejo que permitan mayor pluralidad y representatividad de los distintos sectores de la sociedad.<\/p>\n\n\n\n<p>La resistencia a cualquier reforma que afecte su capacidad de influencia demuestra que su verdadero inter\u00e9s no es mejorar el sistema, sino conservar su control sobre el mecanismo de designaci\u00f3n de jueces y fiscales.<\/p>\n\n\n\n<p>Conclusi\u00f3n: Un Poder Judicial que se resiste a los cambios<\/p>\n\n\n\n<p>La reacci\u00f3n de la Asociaci\u00f3n de Magistrados frente a la reforma del Consejo de la Magistratura confirma que una parte del Poder Judicial en Entre R\u00edos sigue aferrada a viejas estructuras que le permiten operar con un alto grado de discrecionalidad y sin un control efectivo.<\/p>\n\n\n\n<p>Lejos de ser una defensa de la independencia judicial, esta oposici\u00f3n a la reforma es un intento de evitar que el Poder Ejecutivo y la Legislatura introduzcan cambios que garanticen mayor transparencia, representatividad y eficiencia en la selecci\u00f3n de jueces y fiscales.<\/p>\n\n\n\n<p>Si los magistrados que hoy critican la reforma quieren preservar su imparcialidad, deber\u00edan abstenerse de intervenir en debates legislativos y concentrarse en cumplir su funci\u00f3n jurisdiccional con la objetividad que exige su rol. Su intromisi\u00f3n en el proceso legislativo pone en jaque su credibilidad y genera un serio conflicto de intereses que afecta la institucionalidad democr\u00e1tica de la provincia.<\/p>\n","protected":false},"excerpt":{"rendered":"<p>La Asociaci&oacute;n de la Magistratura y la Funci&oacute;n Judicial de Entre R&iacute;os ha manifestado su rechazo a las reformas impulsadas por el Poder Ejecutivo en la estructura y funcionamiento del Consejo de la Magistratura. Alegan que se trata de una intromisi&oacute;n en los procesos de selecci&oacute;n de jueces, fiscales y defensores, y que las modificaciones [&hellip;]<\/p>\n","protected":false},"author":2,"featured_media":11372,"comment_status":"open","ping_status":"open","sticky":false,"template":"","format":"standard","meta":{"footnotes":""},"categories":[90,4],"tags":[4484,4485,33,4486],"class_list":["post-11369","post","type-post","status-publish","format-standard","has-post-thumbnail","hentry","category-judicial","category-provinciales","tag-alejandro-canepa","tag-alvaro-pierola","tag-entre-rios","tag-poder-legislativo"],"_links":{"self":[{"href":"https:\/\/impactodenoticias.com.ar\/index.php?rest_route=\/wp\/v2\/posts\/11369","targetHints":{"allow":["GET"]}}],"collection":[{"href":"https:\/\/impactodenoticias.com.ar\/index.php?rest_route=\/wp\/v2\/posts"}],"about":[{"href":"https:\/\/impactodenoticias.com.ar\/index.php?rest_route=\/wp\/v2\/types\/post"}],"author":[{"embeddable":true,"href":"https:\/\/impactodenoticias.com.ar\/index.php?rest_route=\/wp\/v2\/users\/2"}],"replies":[{"embeddable":true,"href":"https:\/\/impactodenoticias.com.ar\/index.php?rest_route=%2Fwp%2Fv2%2Fcomments&post=11369"}],"version-history":[{"count":1,"href":"https:\/\/impactodenoticias.com.ar\/index.php?rest_route=\/wp\/v2\/posts\/11369\/revisions"}],"predecessor-version":[{"id":11371,"href":"https:\/\/impactodenoticias.com.ar\/index.php?rest_route=\/wp\/v2\/posts\/11369\/revisions\/11371"}],"wp:featuredmedia":[{"embeddable":true,"href":"https:\/\/impactodenoticias.com.ar\/index.php?rest_route=\/wp\/v2\/media\/11372"}],"wp:attachment":[{"href":"https:\/\/impactodenoticias.com.ar\/index.php?rest_route=%2Fwp%2Fv2%2Fmedia&parent=11369"}],"wp:term":[{"taxonomy":"category","embeddable":true,"href":"https:\/\/impactodenoticias.com.ar\/index.php?rest_route=%2Fwp%2Fv2%2Fcategories&post=11369"},{"taxonomy":"post_tag","embeddable":true,"href":"https:\/\/impactodenoticias.com.ar\/index.php?rest_route=%2Fwp%2Fv2%2Ftags&post=11369"}],"curies":[{"name":"wp","href":"https:\/\/api.w.org\/{rel}","templated":true}]}}