{"id":11373,"date":"2025-02-17T13:17:00","date_gmt":"2025-02-17T16:17:00","guid":{"rendered":"https:\/\/impactodenoticias.com.ar\/?p=11373"},"modified":"2025-02-19T15:09:08","modified_gmt":"2025-02-19T18:09:08","slug":"buscan-en-parana-a-una-adolescente-de-15-anos","status":"publish","type":"post","link":"https:\/\/impactodenoticias.com.ar\/?p=11373","title":{"rendered":"Buscan en Paran\u00e1 a una adolescente de 15 a\u00f1os"},"content":{"rendered":"\n<p class=\"has-medium-font-size\"><strong>Keila Nahir Franco P\u00e1ez, de 15 a\u00f1os, se retiro de su domicilio este domingo por la tarde y solicitan la colaboraci\u00f3n de la poblaci\u00f3n para dar con su paradero.<\/strong><\/p>\n\n\n\n<p>Desde la Unidad Fiscal de Ni\u00f1os, Ni\u00f1as y Adolescentes de Paran\u00e1, se solicita la colaboraci\u00f3n de la ciudadania con el fin de dar con el paradero de Keila Nahir Franco P\u00e1ez, de 15 a\u00f1os, quien este domingo alrededor de las 17, se habr\u00eda retirado de su hogar en Paran\u00e1 ubicado en jurisdicci\u00f3n de Comisar\u00eda 11\u00b0.<\/p>\n\n\n\n<p><\/p>\n\n\n\n<figure class=\"wp-block-image size-full\"><img loading=\"lazy\" decoding=\"async\" width=\"696\" height=\"496\" src=\"https:\/\/impactodenoticias.com.ar\/wp-content\/uploads\/2025\/02\/Keila-Nahir-Franco-Paez.webp\" alt=\"\" class=\"wp-image-11374\" srcset=\"https:\/\/impactodenoticias.com.ar\/wp-content\/uploads\/2025\/02\/Keila-Nahir-Franco-Paez.webp 696w, https:\/\/impactodenoticias.com.ar\/wp-content\/uploads\/2025\/02\/Keila-Nahir-Franco-Paez-300x214.webp 300w\" sizes=\"auto, (max-width: 696px) 100vw, 696px\" \/><\/figure>\n\n\n\n<p><\/p>\n\n\n\n<p>La joven tiene tez clara, ojos marrones, mide 1,72 mts. de altura, de contextura delgada y pelo largo color casta\u00f1o oscuro.<\/p>\n\n\n\n<p>Al momento de retirarse, vest\u00eda remera mangas cortas color negra con un estampado en la zona del pecho, short de color rojo y zapatillas color negro y blanco.<\/p>\n\n\n\n<p>Cualquier informaci\u00f3n sobre el paradero puede suministrarse al 911, o comunic\u00e1ndose a Divisi\u00f3n Minoridad (tel\u00e9fono N\u00ba 0343-4209194).<\/p>\n","protected":false},"excerpt":{"rendered":"<p>Keila Nahir Franco P&aacute;ez, de 15 a&ntilde;os, se retiro de su domicilio este domingo por la tarde y solicitan la colaboraci&oacute;n de la poblaci&oacute;n para dar con su paradero. Desde la Unidad Fiscal de Ni&ntilde;os, Ni&ntilde;as y Adolescentes de Paran&aacute;, se solicita la colaboraci&oacute;n de la ciudadania con el fin de dar con el paradero [&hellip;]<\/p>\n","protected":false},"author":2,"featured_media":11375,"comment_status":"open","ping_status":"open","sticky":false,"template":"","format":"standard","meta":{"footnotes":""},"categories":[3,8],"tags":[251,4487,95],"class_list":["post-11373","post","type-post","status-publish","format-standard","has-post-thumbnail","hentry","category-locales","category-policiales","tag-busqueda","tag-keila-nahir-franco-paez","tag-parana"],"_links":{"self":[{"href":"https:\/\/impactodenoticias.com.ar\/index.php?rest_route=\/wp\/v2\/posts\/11373","targetHints":{"allow":["GET"]}}],"collection":[{"href":"https:\/\/impactodenoticias.com.ar\/index.php?rest_route=\/wp\/v2\/posts"}],"about":[{"href":"https:\/\/impactodenoticias.com.ar\/index.php?rest_route=\/wp\/v2\/types\/post"}],"author":[{"embeddable":true,"href":"https:\/\/impactodenoticias.com.ar\/index.php?rest_route=\/wp\/v2\/users\/2"}],"replies":[{"embeddable":true,"href":"https:\/\/impactodenoticias.com.ar\/index.php?rest_route=%2Fwp%2Fv2%2Fcomments&post=11373"}],"version-history":[{"count":1,"href":"https:\/\/impactodenoticias.com.ar\/index.php?rest_route=\/wp\/v2\/posts\/11373\/revisions"}],"predecessor-version":[{"id":11376,"href":"https:\/\/impactodenoticias.com.ar\/index.php?rest_route=\/wp\/v2\/posts\/11373\/revisions\/11376"}],"wp:featuredmedia":[{"embeddable":true,"href":"https:\/\/impactodenoticias.com.ar\/index.php?rest_route=\/wp\/v2\/media\/11375"}],"wp:attachment":[{"href":"https:\/\/impactodenoticias.com.ar\/index.php?rest_route=%2Fwp%2Fv2%2Fmedia&parent=11373"}],"wp:term":[{"taxonomy":"category","embeddable":true,"href":"https:\/\/impactodenoticias.com.ar\/index.php?rest_route=%2Fwp%2Fv2%2Fcategories&post=11373"},{"taxonomy":"post_tag","embeddable":true,"href":"https:\/\/impactodenoticias.com.ar\/index.php?rest_route=%2Fwp%2Fv2%2Ftags&post=11373"}],"curies":[{"name":"wp","href":"https:\/\/api.w.org\/{rel}","templated":true}]}}