{"id":11384,"date":"2025-02-19T09:35:10","date_gmt":"2025-02-19T12:35:10","guid":{"rendered":"https:\/\/impactodenoticias.com.ar\/?p=11384"},"modified":"2025-02-20T09:32:39","modified_gmt":"2025-02-20T12:32:39","slug":"concluyo-la-reparacion-del-cano-roto-en-zona-centrica-de-parana","status":"publish","type":"post","link":"https:\/\/impactodenoticias.com.ar\/?p=11384","title":{"rendered":"Concluy\u00f3 la reparaci\u00f3n del ca\u00f1o roto en zona c\u00e9ntrica de Paran\u00e1"},"content":{"rendered":"\n<p class=\"has-medium-font-size\"><strong>El ca\u00f1o hab\u00eda sido da\u00f1ado por una empresa privada. Se produjo una p\u00e9rdida y hubo corte agua durante las \u00faltimas horas en la zona c\u00e9ntrica de la ciudad. Con el correr de las horas comenzar\u00e1 a llegar a los hogares en vital elemento.<\/strong><\/p>\n\n\n\n<p>Finaliz\u00f3 la reparaci\u00f3n de la ca\u00f1er\u00eda ubicada en la zona centro de Paran\u00e1 y hab\u00eda provocado un corte de agua potable zonas aleda\u00f1as.<\/p>\n\n\n\n<p>Los trabajos se realizaron en calles Col\u00f3n y Salta, cabe se\u00f1alar que el ca\u00f1o hab\u00eda sido da\u00f1ado por empresa privada.<\/p>\n\n\n\n<p>Seg\u00fan se inform\u00f3, personal municipal de Obras Sanitarias concluy\u00f3 la reparaci\u00f3n del conducto y el servicio retornar\u00e1 de manera paulatina a lo largo del d\u00eda.<\/p>\n","protected":false},"excerpt":{"rendered":"<p>El ca&ntilde;o hab&iacute;a sido da&ntilde;ado por una empresa privada. Se produjo una p&eacute;rdida y hubo corte agua durante las &uacute;ltimas horas en la zona c&eacute;ntrica de la ciudad. Con el correr de las horas comenzar&aacute; a llegar a los hogares en vital elemento. Finaliz&oacute; la reparaci&oacute;n de la ca&ntilde;er&iacute;a ubicada en la zona centro de [&hellip;]<\/p>\n","protected":false},"author":2,"featured_media":11385,"comment_status":"open","ping_status":"open","sticky":false,"template":"","format":"standard","meta":{"footnotes":""},"categories":[3,49],"tags":[868,2991,4489,95,1383],"class_list":["post-11384","post","type-post","status-publish","format-standard","has-post-thumbnail","hentry","category-locales","category-sociedad","tag-cano","tag-centro","tag-concluyo","tag-parana","tag-reparacion"],"_links":{"self":[{"href":"https:\/\/impactodenoticias.com.ar\/index.php?rest_route=\/wp\/v2\/posts\/11384","targetHints":{"allow":["GET"]}}],"collection":[{"href":"https:\/\/impactodenoticias.com.ar\/index.php?rest_route=\/wp\/v2\/posts"}],"about":[{"href":"https:\/\/impactodenoticias.com.ar\/index.php?rest_route=\/wp\/v2\/types\/post"}],"author":[{"embeddable":true,"href":"https:\/\/impactodenoticias.com.ar\/index.php?rest_route=\/wp\/v2\/users\/2"}],"replies":[{"embeddable":true,"href":"https:\/\/impactodenoticias.com.ar\/index.php?rest_route=%2Fwp%2Fv2%2Fcomments&post=11384"}],"version-history":[{"count":1,"href":"https:\/\/impactodenoticias.com.ar\/index.php?rest_route=\/wp\/v2\/posts\/11384\/revisions"}],"predecessor-version":[{"id":11386,"href":"https:\/\/impactodenoticias.com.ar\/index.php?rest_route=\/wp\/v2\/posts\/11384\/revisions\/11386"}],"wp:featuredmedia":[{"embeddable":true,"href":"https:\/\/impactodenoticias.com.ar\/index.php?rest_route=\/wp\/v2\/media\/11385"}],"wp:attachment":[{"href":"https:\/\/impactodenoticias.com.ar\/index.php?rest_route=%2Fwp%2Fv2%2Fmedia&parent=11384"}],"wp:term":[{"taxonomy":"category","embeddable":true,"href":"https:\/\/impactodenoticias.com.ar\/index.php?rest_route=%2Fwp%2Fv2%2Fcategories&post=11384"},{"taxonomy":"post_tag","embeddable":true,"href":"https:\/\/impactodenoticias.com.ar\/index.php?rest_route=%2Fwp%2Fv2%2Ftags&post=11384"}],"curies":[{"name":"wp","href":"https:\/\/api.w.org\/{rel}","templated":true}]}}