{"id":11387,"date":"2025-02-19T09:42:20","date_gmt":"2025-02-19T12:42:20","guid":{"rendered":"https:\/\/impactodenoticias.com.ar\/?p=11387"},"modified":"2025-02-19T09:42:21","modified_gmt":"2025-02-19T12:42:21","slug":"fueron-detenidos-en-parana-dos-hombres-por-incumplimiento-de-restricciones-de-acercamiento","status":"publish","type":"post","link":"https:\/\/impactodenoticias.com.ar\/?p=11387","title":{"rendered":"Fueron detenidos en Paran\u00e1 dos hombres por incumplimiento de restricciones de acercamiento"},"content":{"rendered":"\n<h2 class=\"wp-block-heading\">La Polic\u00eda de Paran\u00e1 detuvo a dos hombres por incumplir medidas judiciales que les prohib\u00edan acercarse a familiares. Los hombres fueron trasladados a la Alcaid\u00eda de Tribunales, donde quedaron a disposici\u00f3n de la fiscal\u00eda en turno.<\/h2>\n\n\n\n<p>Seg\u00fan se inform\u00f3 a <strong>IMPACTO DE NOTICIAS<\/strong>, la primera detenci\u00f3n se registr\u00f3 en horas del mediod\u00eda de este martes cuando una mujer de 81 a\u00f1os se comunica con comisar\u00eda sexta informando que su nieto se encontraba en su domicilio en calle General Espejo. La mujer comunic\u00f3 que hace una semana hab\u00eda sido excluido y notificado de las restricciones de acercamiento hacia ella. Una vez all\u00ed, los funcionarios policiales localizan al joven de 24 a\u00f1os y en principio lo demoran.<\/p>\n\n\n\n<p>Por disposici\u00f3n del fiscal interviniente, fue detenido y trasladado a la Alcaid\u00eda de Tribunales por desobediencia judicial.<\/p>\n\n\n\n<p>En otro hecho, durante la tarde, personal de comisar\u00eda octava estaba realizando una recorrida en prevenci\u00f3n por avenida Laurencena y Bol\u00edvar y observa a un hombre y a una mujer caminando, reconociendo al hombre que posee restricciones de acercamiento vigente para con la mujer y lo demoran.<\/p>\n\n\n\n<p>Se comunican con el fiscal interviniente y le informan lo sucedido, disponiendo que el hombre sea detenido y alojado en la Alcaid\u00eda de Tribunales por desobediencia judicial.<\/p>\n","protected":false},"excerpt":{"rendered":"<p>La Polic&iacute;a de Paran&aacute; detuvo a dos hombres por incumplir medidas judiciales que les prohib&iacute;an acercarse a familiares. Los hombres fueron trasladados a la Alcaid&iacute;a de Tribunales, donde quedaron a disposici&oacute;n de la fiscal&iacute;a en turno. Seg&uacute;n se inform&oacute; a IMPACTO DE NOTICIAS, la primera detenci&oacute;n se registr&oacute; en horas del mediod&iacute;a de este martes [&hellip;]<\/p>\n","protected":false},"author":2,"featured_media":11388,"comment_status":"open","ping_status":"open","sticky":false,"template":"","format":"standard","meta":{"footnotes":""},"categories":[3,8],"tags":[961,404,4490,1852,95],"class_list":["post-11387","post","type-post","status-publish","format-standard","has-post-thumbnail","hentry","category-locales","category-policiales","tag-detienen","tag-hombres","tag-imcumlimiento","tag-judicial","tag-parana"],"_links":{"self":[{"href":"https:\/\/impactodenoticias.com.ar\/index.php?rest_route=\/wp\/v2\/posts\/11387","targetHints":{"allow":["GET"]}}],"collection":[{"href":"https:\/\/impactodenoticias.com.ar\/index.php?rest_route=\/wp\/v2\/posts"}],"about":[{"href":"https:\/\/impactodenoticias.com.ar\/index.php?rest_route=\/wp\/v2\/types\/post"}],"author":[{"embeddable":true,"href":"https:\/\/impactodenoticias.com.ar\/index.php?rest_route=\/wp\/v2\/users\/2"}],"replies":[{"embeddable":true,"href":"https:\/\/impactodenoticias.com.ar\/index.php?rest_route=%2Fwp%2Fv2%2Fcomments&post=11387"}],"version-history":[{"count":1,"href":"https:\/\/impactodenoticias.com.ar\/index.php?rest_route=\/wp\/v2\/posts\/11387\/revisions"}],"predecessor-version":[{"id":11389,"href":"https:\/\/impactodenoticias.com.ar\/index.php?rest_route=\/wp\/v2\/posts\/11387\/revisions\/11389"}],"wp:featuredmedia":[{"embeddable":true,"href":"https:\/\/impactodenoticias.com.ar\/index.php?rest_route=\/wp\/v2\/media\/11388"}],"wp:attachment":[{"href":"https:\/\/impactodenoticias.com.ar\/index.php?rest_route=%2Fwp%2Fv2%2Fmedia&parent=11387"}],"wp:term":[{"taxonomy":"category","embeddable":true,"href":"https:\/\/impactodenoticias.com.ar\/index.php?rest_route=%2Fwp%2Fv2%2Fcategories&post=11387"},{"taxonomy":"post_tag","embeddable":true,"href":"https:\/\/impactodenoticias.com.ar\/index.php?rest_route=%2Fwp%2Fv2%2Ftags&post=11387"}],"curies":[{"name":"wp","href":"https:\/\/api.w.org\/{rel}","templated":true}]}}