{"id":11423,"date":"2025-02-20T08:59:34","date_gmt":"2025-02-20T11:59:34","guid":{"rendered":"https:\/\/impactodenoticias.com.ar\/?p=11423"},"modified":"2025-02-21T12:07:33","modified_gmt":"2025-02-21T15:07:33","slug":"somos-la-capital-nacional-del-suicidio-en-enero-se-mato-un-entrerriano-por-dia-apunto-hein","status":"publish","type":"post","link":"https:\/\/impactodenoticias.com.ar\/?p=11423","title":{"rendered":"\u201cSomos la capital nacional del suicidio, en enero se mat\u00f3 un entrerriano por d\u00eda\u201d, apunt\u00f3 Hein"},"content":{"rendered":"\n<h2 class=\"wp-block-heading\">El presidente de la C\u00e1mara de Diputados, Gustavo Hein, hizo referencia al trabajo que se viene para el a\u00f1o tras el mensaje que brind\u00f3 el pasado s\u00e1bado el gobernador Rogelio Frigerio en la apertura de sesiones de la Legislatura.<\/h2>\n\n\n\n<p>En declaraciones radiales, Hein se\u00f1al\u00f3 que el gobernador \u201chizo un estado de situaci\u00f3n con respecto a lo que fue el 2024 sin caer demasiado en lo que fue la gesti\u00f3n anterior, m\u00e1s all\u00e1 de algunos detalles que estaba obligado a dar por la situaci\u00f3n que hab\u00eda encontrado en ciertas \u00e1reas, y lo que est\u00e1 queriendo el gobernador a partir de diciembre de 2023 es encarar un estilo distinto de gobernar\u201d.<\/p>\n\n\n\n<p>\u201cSabemos que es un momento donde puede haber personas que se sientas inc\u00f3modas por el relato de la situaci\u00f3n en s\u00ed, por las desprolijidades que estaban de manifiesto como lo que puede ser IOSPER, algunas cuestiones de infraestructura, cuestiones que hab\u00edan quedado truncas, pero el balance es positivo con respecto a lo que el gobernador nos ha expresado a cada \u00e1rea de lo que quiere, lo que quiere que se transparente, que quiere un gobierno que sea de pronta respuesta, aunque no de soluciones, s\u00ed de respuestas r\u00e1pidas para que no quede en el limbo porque muchas veces el Estado se ha caracterizado por ser torpe, burocr\u00e1tico\u00bb, se\u00f1al\u00f3. Por eso quiere darle otra impronta. Ha sido un mensaje de manifiesto que es necesario, plantando un moj\u00f3n, no mirando para atr\u00e1s pero s\u00ed planteando un estado de situaci\u00f3n, planteando lo que queremos que sea, y sabiendo que el tiempo ya corre en contra nuestra porque en este momento estamos quemando el 50% de la gesti\u00f3n y la gente necesita respuestas\u201d, agreg\u00f3.<\/p>\n\n\n\n<p>En cuanto a las expectativas del trabajo legislativo en un a\u00f1o electoral, el legislador agradeci\u00f3 a sus \u201cpares del oficialismo\u201d por poner en su persona \u201cla responsabilidad de dirigir la C\u00e1mara un a\u00f1o m\u00e1s, y a los pares de las minor\u00edas por lo dificultoso que suele ser pasar de ser oficialismo a oposici\u00f3n y ser una oposici\u00f3n constructiva m\u00e1s all\u00e1 de los matices\u201d.<\/p>\n\n\n\n<p>\u00abM\u00e1s all\u00e1 de algunas cuestiones en particular, hemos tenido una C\u00e1mara que ha logrado mucho di\u00e1logo, que ha logrado sacar leyes por unanimidad, que ha logrado el acompa\u00f1amiento en muchas leyes que necesitaba el Ejecutivo\u00bb, precis\u00f3. La C\u00e1mara de Diputados se ha destacado por esto. Hemos pasado tormentas y hemos sabido sortearlas, hemos sabido entendernos y conocernos en el andar, hubo mucho trabajo de comisiones y hay comisiones que se destacan por su amplia convocatoria. Estamos pasando momentos muy complicados en Argentina con respecto al di\u00e1logo, algo tan sencillo como entenderse en una mesa de trabajo y dejar la ideolog\u00eda de lado, sin ser ingenuo porque cada uno intenta siempre fortalecer su espacio, pero esta C\u00e1mara ha tenido un di\u00e1logo muy fluido, hay buenos interlocutores en la primera y segunda minor\u00eda, hay gente que est\u00e1 haciendo sus primeras armas, en el oficialismo tenemos buenas espadas para estar al frente de las comisiones y encontrar consensos. Esta C\u00e1mara de Diputados uno de los pilares que tiene es el di\u00e1logo muy fuerte para intentar por todos los medios encontrar el consenso y eso le lleva al gobernador la tranquilidad que necesita\u201d, evalu\u00f3.<\/p>\n\n\n\n<p>Consultado por los primeros proyectos a trabajar se expres\u00f3 \u201centusiasmado\u201d por \u201cla responsabilidad sobre la traza vial trabajando mancomunada con los municipios, d\u00e1ndole otra forma, otro matiz, a Vialidad Provincial, entendiendo que gran parte de los recursos son cuestiones administrativas; hoy Vialidad tiene el 80% de personal administrativo, y hoy la traza vial rural \u2013que es parte m\u00e1s compleja que hoy tenemos, m\u00e1s all\u00e1 de las rutas provinciales- es desastrosa, y esto no es por un a\u00f1o de gesti\u00f3n de Rogelio Frigerio, es un estado de abandono general que ha tenido la traza vial rural en 20 o 30 a\u00f1os. Creo que ese proyecto que habr\u00e1 para que Vialidad encare directamente los problemas en los caminos de la producci\u00f3n, es uno de los fundamentales. Despu\u00e9s todo el ordenamiento territorial que quiere darle el gobernador a esas zonas grises que hay en cuanto a la inversi\u00f3n privada que muchas veces queda en manos de un \u201cni\u201d porque no tiene incorporaci\u00f3n de un municipio ni de la provincia con respecto al asentamiento de una f\u00e1brica o emprendimiento. El ordenamiento territorial es fundamental para una provincia ordenada\u201d.<\/p>\n\n\n\n<p>Aclar\u00f3 que \u00e9stos \u201cson proyectos que se est\u00e1n trabajando y que en breve van a llegar a la C\u00e1mara; son cosas distintas a lo que fue, ni mejor ni peor, distintas. Y si entre todos logramos darle esa mirada de provincia que queremos es un salto de calidad al orden, a la intervenci\u00f3n directa\u201d, indic\u00f3.<\/p>\n\n\n\n<p>En esa l\u00ednea, remarc\u00f3 que \u201cno es menor que hoy en la provincia dependemos en gran manera de lo que baja de Naci\u00f3n, hasta para el autosustento, y eso muchas veces no son situaciones f\u00e1ciles para el gobernador al encontrar interlocutores. Por eso hay que empatizar en una provincia que en ciertas cuestiones estaba desordenada, m\u00e1s all\u00e1 de la inmediatez, es importante empatizar y saber c\u00f3mo est\u00e1bamos, de d\u00f3nde partimos, para saber c\u00f3mo estamos hoy\u201d.<\/p>\n\n\n\n<p>Respecto de las cr\u00edticas de la oposici\u00f3n hacia el gobierno en relaci\u00f3n con el Fondo de Compensaci\u00f3n, Hein se\u00f1al\u00f3: \u00abPor lo general, no soy una persona que analiza demasiado los discursos con respecto a la cr\u00edtica, corre por cuenta de cada uno el cristal con que se ven las cosas. Nosotros estamos hechos para solucionar, para ejecutar una mirada de un gobierno distinto, ser analista de discursos le queda para otras personas\u00bb. \u00abMi funci\u00f3n es discutir leyes, no discursos y las interpretaciones de los discursos corren por cuenta de otros, siempre es m\u00e1s f\u00e1cil estar del otro lado y decir c\u00f3mo deben funcionar las cosas, pero hay que ponerse en los zapatos de quien hoy tiene responsabilidad de llevar adelante tama\u00f1o emprendimiento, ponerse en el lugar del otro, cosa que a los argentinos nos cuesta\u00bb, a\u00f1adi\u00f3.<\/p>\n\n\n\n<p>\u201cMe queda grande analizar discursos, a m\u00ed me encomendaron la tarea de presidir la C\u00e1mara de Diputados, encontrar un consenso de trabajo con los pares, ejecutar leyes, y me dedico a eso. Y por momentos siento hasta que hago poco, porque nos pasamos muchas veces en los problemas de los pol\u00edticos y no discutimos los problemas reales de la gente, y las cosas podr\u00edan cambiar si nos ponemos en el lugar del otro y vi\u00e9ramos lo privilegiados que somos cierta gente de la clase pol\u00edtica. Hay que ver los problemas reales, estructurales, que tenemos hoy en la provincia, de ra\u00edz, que vienen desde Naci\u00f3n hacia abajo. Creo en un Estado presente, un Estado que tiene que apalancar el crecimiento, que tiene que apalancar a la primera infancia, que tiene que cuidar a nuestros viejos, que debe velar por los entrerrianos. Hoy somos la capital nacional del suicidio, tenemos que trabajar fuerte en salud mental, en salud emocional, porque algo nos est\u00e1 pasando y no podemos quedarnos solamente en que se dijo que se iba a hacer algo y no se hizo. Es un problema que no me deja dormir, que me preocupa y que lo habl\u00e9 la semana pasada con el gobernador, porque no puede ser que en enero se mat\u00f3 un entrerriano por d\u00eda en enero\u201d, apunt\u00f3.<\/p>\n\n\n\n<p>Al respecto, explicit\u00f3: \u201cLa semana pasada hice una video llamada de m\u00e1s de 40 minutos con un diplomado en Ciencia y Biolog\u00eda, egresado de la Universidad de Flores, porque vamos a encarar una campa\u00f1a muy fuerte desde la Legislatura y el \u00e1rea de salud mental para atacar muy fuerte ah\u00ed y destinar recursos porque no podemos hacer la vista a un costado. Hay una decisi\u00f3n firme y vamos a ejecutarla, y el gobernador fue claro: nos dijo, enc\u00e1rguense y vean qu\u00e9 podemos hacer\u201d, concluy\u00f3.<\/p>\n","protected":false},"excerpt":{"rendered":"<p>El presidente de la C&aacute;mara de Diputados, Gustavo Hein, hizo referencia al trabajo que se viene para el a&ntilde;o tras el mensaje que brind&oacute; el pasado s&aacute;bado el gobernador Rogelio Frigerio en la apertura de sesiones de la Legislatura. En declaraciones radiales, Hein se&ntilde;al&oacute; que el gobernador &ldquo;hizo un estado de situaci&oacute;n con respecto a [&hellip;]<\/p>\n","protected":false},"author":2,"featured_media":11424,"comment_status":"open","ping_status":"open","sticky":false,"template":"","format":"standard","meta":{"footnotes":""},"categories":[11,4,49],"tags":[33,1175,4504],"class_list":["post-11423","post","type-post","status-publish","format-standard","has-post-thumbnail","hentry","category-politica","category-provinciales","category-sociedad","tag-entre-rios","tag-gustavo-hein","tag-suicidios"],"_links":{"self":[{"href":"https:\/\/impactodenoticias.com.ar\/index.php?rest_route=\/wp\/v2\/posts\/11423","targetHints":{"allow":["GET"]}}],"collection":[{"href":"https:\/\/impactodenoticias.com.ar\/index.php?rest_route=\/wp\/v2\/posts"}],"about":[{"href":"https:\/\/impactodenoticias.com.ar\/index.php?rest_route=\/wp\/v2\/types\/post"}],"author":[{"embeddable":true,"href":"https:\/\/impactodenoticias.com.ar\/index.php?rest_route=\/wp\/v2\/users\/2"}],"replies":[{"embeddable":true,"href":"https:\/\/impactodenoticias.com.ar\/index.php?rest_route=%2Fwp%2Fv2%2Fcomments&post=11423"}],"version-history":[{"count":1,"href":"https:\/\/impactodenoticias.com.ar\/index.php?rest_route=\/wp\/v2\/posts\/11423\/revisions"}],"predecessor-version":[{"id":11425,"href":"https:\/\/impactodenoticias.com.ar\/index.php?rest_route=\/wp\/v2\/posts\/11423\/revisions\/11425"}],"wp:featuredmedia":[{"embeddable":true,"href":"https:\/\/impactodenoticias.com.ar\/index.php?rest_route=\/wp\/v2\/media\/11424"}],"wp:attachment":[{"href":"https:\/\/impactodenoticias.com.ar\/index.php?rest_route=%2Fwp%2Fv2%2Fmedia&parent=11423"}],"wp:term":[{"taxonomy":"category","embeddable":true,"href":"https:\/\/impactodenoticias.com.ar\/index.php?rest_route=%2Fwp%2Fv2%2Fcategories&post=11423"},{"taxonomy":"post_tag","embeddable":true,"href":"https:\/\/impactodenoticias.com.ar\/index.php?rest_route=%2Fwp%2Fv2%2Ftags&post=11423"}],"curies":[{"name":"wp","href":"https:\/\/api.w.org\/{rel}","templated":true}]}}