{"id":11426,"date":"2025-02-20T09:12:08","date_gmt":"2025-02-20T12:12:08","guid":{"rendered":"https:\/\/impactodenoticias.com.ar\/?p=11426"},"modified":"2025-02-21T12:06:43","modified_gmt":"2025-02-21T15:06:43","slug":"renuncia-guillermo-grieve-como-ministro-de-salud-y-sera-reemplazado-por-daniel-blanzaco","status":"publish","type":"post","link":"https:\/\/impactodenoticias.com.ar\/?p=11426","title":{"rendered":"Renuncia Guillermo Grieve como ministro de Salud y ser\u00e1 reemplazado por Daniel Blanzaco"},"content":{"rendered":"\n<p class=\"has-medium-font-size\"><strong>La salida de Grieve se da \u00abcon motivo de los cambios de conducci\u00f3n en la cartera sanitaria\u00bb. Ser\u00e1 reemplazado por Daniel Blanzaco.<\/strong><\/p>\n\n\n\n<p>Guillermo Grieve dejar\u00e1 de ser el ministro de Salud de Entre R\u00edos. Este jueves dar\u00e1 una \u00faltima conferencia para anunciar su decisi\u00f3n.<\/p>\n\n\n\n<p>La salida de Grieve se da \u201ccon motivo de los cambios de conducci\u00f3n en la cartera sanitaria\u201d, seg\u00fan  informaron oficialmente desde el Gobierno.<\/p>\n\n\n\n<p>El nuevo ministro de salud de Entre R\u00edos ser\u00e1 Daniel Blanzaco, quien actualmente forma parte del \u00e1rea como Secretario de Salud.<\/p>\n\n\n\n<p>Noticia en desarrollo&#8230;<\/p>\n\n\n\n<p><\/p>\n\n\n\n<figure class=\"wp-block-embed is-type-wp-embed is-provider-incrustado wp-block-embed-incrustado\"><div class=\"wp-block-embed__wrapper\">\n<blockquote class=\"wp-embedded-content\" data-secret=\"ipCkReAJCM\"><a href=\"https:\/\/impactodenoticias.com.ar\/?p=11197\">Aseguran que el ministro de Salud ya tiene reemplazante<\/a><\/blockquote><iframe loading=\"lazy\" class=\"wp-embedded-content\" sandbox=\"allow-scripts\" security=\"restricted\" style=\"position: absolute; clip: rect(1px, 1px, 1px, 1px);\" title=\"\u00abAseguran que el ministro de Salud ya tiene reemplazante\u00bb \u2014 \" src=\"https:\/\/impactodenoticias.com.ar\/?p=11197&#038;embed=true#?secret=ha9AuqI38r#?secret=ipCkReAJCM\" data-secret=\"ipCkReAJCM\" width=\"600\" height=\"338\" frameborder=\"0\" marginwidth=\"0\" marginheight=\"0\" scrolling=\"no\"><\/iframe>\n<\/div><\/figure>\n\n\n\n<p><\/p>\n","protected":false},"excerpt":{"rendered":"<p>La salida de Grieve se da &laquo;con motivo de los cambios de conducci&oacute;n en la cartera sanitaria&raquo;. Ser&aacute; reemplazado por Daniel Blanzaco. Guillermo Grieve dejar&aacute; de ser el ministro de Salud de Entre R&iacute;os. Este jueves dar&aacute; una &uacute;ltima conferencia para anunciar su decisi&oacute;n. La salida de Grieve se da &ldquo;con motivo de los cambios [&hellip;]<\/p>\n","protected":false},"author":2,"featured_media":11427,"comment_status":"open","ping_status":"open","sticky":false,"template":"","format":"standard","meta":{"footnotes":""},"categories":[4,49],"tags":[4418,1010,4348,1422],"class_list":["post-11426","post","type-post","status-publish","format-standard","has-post-thumbnail","hentry","category-provinciales","category-sociedad","tag-daniel-blanzaco","tag-guillermo-grieve","tag-ministerio-de-salud","tag-renuncia"],"_links":{"self":[{"href":"https:\/\/impactodenoticias.com.ar\/index.php?rest_route=\/wp\/v2\/posts\/11426","targetHints":{"allow":["GET"]}}],"collection":[{"href":"https:\/\/impactodenoticias.com.ar\/index.php?rest_route=\/wp\/v2\/posts"}],"about":[{"href":"https:\/\/impactodenoticias.com.ar\/index.php?rest_route=\/wp\/v2\/types\/post"}],"author":[{"embeddable":true,"href":"https:\/\/impactodenoticias.com.ar\/index.php?rest_route=\/wp\/v2\/users\/2"}],"replies":[{"embeddable":true,"href":"https:\/\/impactodenoticias.com.ar\/index.php?rest_route=%2Fwp%2Fv2%2Fcomments&post=11426"}],"version-history":[{"count":2,"href":"https:\/\/impactodenoticias.com.ar\/index.php?rest_route=\/wp\/v2\/posts\/11426\/revisions"}],"predecessor-version":[{"id":11430,"href":"https:\/\/impactodenoticias.com.ar\/index.php?rest_route=\/wp\/v2\/posts\/11426\/revisions\/11430"}],"wp:featuredmedia":[{"embeddable":true,"href":"https:\/\/impactodenoticias.com.ar\/index.php?rest_route=\/wp\/v2\/media\/11427"}],"wp:attachment":[{"href":"https:\/\/impactodenoticias.com.ar\/index.php?rest_route=%2Fwp%2Fv2%2Fmedia&parent=11426"}],"wp:term":[{"taxonomy":"category","embeddable":true,"href":"https:\/\/impactodenoticias.com.ar\/index.php?rest_route=%2Fwp%2Fv2%2Fcategories&post=11426"},{"taxonomy":"post_tag","embeddable":true,"href":"https:\/\/impactodenoticias.com.ar\/index.php?rest_route=%2Fwp%2Fv2%2Ftags&post=11426"}],"curies":[{"name":"wp","href":"https:\/\/api.w.org\/{rel}","templated":true}]}}