{"id":11479,"date":"2025-02-21T11:35:44","date_gmt":"2025-02-21T14:35:44","guid":{"rendered":"https:\/\/impactodenoticias.com.ar\/?p=11479"},"modified":"2025-02-21T11:35:44","modified_gmt":"2025-02-21T14:35:44","slug":"se-registro-un-foco-igneo-en-el-techo-del-hospital-domagk-de-parana","status":"publish","type":"post","link":"https:\/\/impactodenoticias.com.ar\/?p=11479","title":{"rendered":"Se registr\u00f3 un foco \u00edgneo en el techo del Hospital Domagk de Paran\u00e1"},"content":{"rendered":"\n<h2 class=\"wp-block-heading\">El hecho ocurri\u00f3 este viernes por la ma\u00f1ana y los bomberos trabajaron r\u00e1pidamente para combatir las llamas en el hospital.<\/h2>\n\n\n\n<p>Un incendio se gener\u00f3 este viernes por la ma\u00f1ana en el techo del Hospital Domagk de Paran\u00e1. Seg\u00fan se confirm\u00f3 a <strong>IMPACTO DE NOTICIAS<\/strong>, bomberos acudieron de urgencia para controlar las llamas.<\/p>\n\n\n\n<p>Se investigan las causas que originaron el fuego en el nosocomio ubicado en Avenida Jos\u00e9 Manuel Estrada al 3071, en la zona de Bajada Grande.<\/p>\n\n\n\n<p><\/p>\n\n\n\n<figure class=\"wp-block-image size-full\"><img loading=\"lazy\" decoding=\"async\" width=\"715\" height=\"386\" src=\"https:\/\/impactodenoticias.com.ar\/wp-content\/uploads\/2025\/02\/scrnli_lOObilVm6Vc8JU.png\" alt=\"\" class=\"wp-image-11480\" srcset=\"https:\/\/impactodenoticias.com.ar\/wp-content\/uploads\/2025\/02\/scrnli_lOObilVm6Vc8JU.png 715w, https:\/\/impactodenoticias.com.ar\/wp-content\/uploads\/2025\/02\/scrnli_lOObilVm6Vc8JU-300x162.png 300w\" sizes=\"auto, (max-width: 715px) 100vw, 715px\" \/><\/figure>\n\n\n\n<p><\/p>\n\n\n\n<p>Seg\u00fan las primeras informaciones extraoficiales, podr\u00eda haberse generado por un problema en el cableado.<\/p>\n","protected":false},"excerpt":{"rendered":"<p>El hecho ocurri&oacute; este viernes por la ma&ntilde;ana y los bomberos trabajaron r&aacute;pidamente para combatir las llamas en el hospital. Un incendio se gener&oacute; este viernes por la ma&ntilde;ana en el techo del Hospital Domagk de Paran&aacute;. Seg&uacute;n se confirm&oacute; a IMPACTO DE NOTICIAS, bomberos acudieron de urgencia para controlar las llamas. Se investigan las [&hellip;]<\/p>\n","protected":false},"author":2,"featured_media":11481,"comment_status":"open","ping_status":"open","sticky":false,"template":"","format":"standard","meta":{"footnotes":""},"categories":[3,8],"tags":[4528,141,227,95,2579],"class_list":["post-11479","post","type-post","status-publish","format-standard","has-post-thumbnail","hentry","category-locales","category-policiales","tag-domagk","tag-hospital","tag-incendio","tag-parana","tag-techo"],"_links":{"self":[{"href":"https:\/\/impactodenoticias.com.ar\/index.php?rest_route=\/wp\/v2\/posts\/11479","targetHints":{"allow":["GET"]}}],"collection":[{"href":"https:\/\/impactodenoticias.com.ar\/index.php?rest_route=\/wp\/v2\/posts"}],"about":[{"href":"https:\/\/impactodenoticias.com.ar\/index.php?rest_route=\/wp\/v2\/types\/post"}],"author":[{"embeddable":true,"href":"https:\/\/impactodenoticias.com.ar\/index.php?rest_route=\/wp\/v2\/users\/2"}],"replies":[{"embeddable":true,"href":"https:\/\/impactodenoticias.com.ar\/index.php?rest_route=%2Fwp%2Fv2%2Fcomments&post=11479"}],"version-history":[{"count":1,"href":"https:\/\/impactodenoticias.com.ar\/index.php?rest_route=\/wp\/v2\/posts\/11479\/revisions"}],"predecessor-version":[{"id":11482,"href":"https:\/\/impactodenoticias.com.ar\/index.php?rest_route=\/wp\/v2\/posts\/11479\/revisions\/11482"}],"wp:featuredmedia":[{"embeddable":true,"href":"https:\/\/impactodenoticias.com.ar\/index.php?rest_route=\/wp\/v2\/media\/11481"}],"wp:attachment":[{"href":"https:\/\/impactodenoticias.com.ar\/index.php?rest_route=%2Fwp%2Fv2%2Fmedia&parent=11479"}],"wp:term":[{"taxonomy":"category","embeddable":true,"href":"https:\/\/impactodenoticias.com.ar\/index.php?rest_route=%2Fwp%2Fv2%2Fcategories&post=11479"},{"taxonomy":"post_tag","embeddable":true,"href":"https:\/\/impactodenoticias.com.ar\/index.php?rest_route=%2Fwp%2Fv2%2Ftags&post=11479"}],"curies":[{"name":"wp","href":"https:\/\/api.w.org\/{rel}","templated":true}]}}