{"id":11483,"date":"2025-02-21T11:41:38","date_gmt":"2025-02-21T14:41:38","guid":{"rendered":"https:\/\/impactodenoticias.com.ar\/?p=11483"},"modified":"2025-02-22T15:19:32","modified_gmt":"2025-02-22T18:19:32","slug":"buscan-intensamente-a-una-joven-en-parana-2","status":"publish","type":"post","link":"https:\/\/impactodenoticias.com.ar\/?p=11483","title":{"rendered":"Buscan intensamente a una joven en Paran\u00e1"},"content":{"rendered":"\n<h2 class=\"wp-block-heading\">La Unidad Fiscal de Ni\u00f1os, Ni\u00f1as y Adolescentes de Paran\u00e1 solicita colaboraci\u00f3n de la poblaci\u00f3n, para localizar a Tamara Z\u00e1rate Britos, de 17 a\u00f1os, quien fue vista por \u00faltima vez ayer en Paran\u00e1.<\/h2>\n\n\n\n<p>Al momento de ausentarse de su domicilio la joven Britos, vest\u00eda un top negro liso y short de jean azul.<\/p>\n\n\n\n<p><\/p>\n\n\n\n<figure class=\"wp-block-image size-full\"><img loading=\"lazy\" decoding=\"async\" width=\"992\" height=\"793\" src=\"https:\/\/impactodenoticias.com.ar\/wp-content\/uploads\/2025\/02\/Britos.webp\" alt=\"\" class=\"wp-image-11484\" srcset=\"https:\/\/impactodenoticias.com.ar\/wp-content\/uploads\/2025\/02\/Britos.webp 992w, https:\/\/impactodenoticias.com.ar\/wp-content\/uploads\/2025\/02\/Britos-300x240.webp 300w, https:\/\/impactodenoticias.com.ar\/wp-content\/uploads\/2025\/02\/Britos-768x614.webp 768w\" sizes=\"auto, (max-width: 992px) 100vw, 992px\" \/><\/figure>\n\n\n\n<p><\/p>\n\n\n\n<p>Cualquier informaci\u00f3n sobre el paradero puede suministrarse al 911, a la Mesa de Informaci\u00f3n Permanente del Poder Judicial (0800 444 6372) o llamando la Divisi\u00f3n Minoridad (0343) 4209195.<\/p>\n","protected":false},"excerpt":{"rendered":"<p>La Unidad Fiscal de Ni&ntilde;os, Ni&ntilde;as y Adolescentes de Paran&aacute; solicita colaboraci&oacute;n de la poblaci&oacute;n, para localizar a Tamara Z&aacute;rate Britos, de 17 a&ntilde;os, quien fue vista por &uacute;ltima vez ayer en Paran&aacute;. Al momento de ausentarse de su domicilio la joven Britos, vest&iacute;a un top negro liso y short de jean azul. Cualquier informaci&oacute;n [&hellip;]<\/p>\n","protected":false},"author":2,"featured_media":11485,"comment_status":"open","ping_status":"open","sticky":false,"template":"","format":"standard","meta":{"footnotes":""},"categories":[3,8],"tags":[251,95,4529],"class_list":["post-11483","post","type-post","status-publish","format-standard","has-post-thumbnail","hentry","category-locales","category-policiales","tag-busqueda","tag-parana","tag-tamara-zarate-britos"],"_links":{"self":[{"href":"https:\/\/impactodenoticias.com.ar\/index.php?rest_route=\/wp\/v2\/posts\/11483","targetHints":{"allow":["GET"]}}],"collection":[{"href":"https:\/\/impactodenoticias.com.ar\/index.php?rest_route=\/wp\/v2\/posts"}],"about":[{"href":"https:\/\/impactodenoticias.com.ar\/index.php?rest_route=\/wp\/v2\/types\/post"}],"author":[{"embeddable":true,"href":"https:\/\/impactodenoticias.com.ar\/index.php?rest_route=\/wp\/v2\/users\/2"}],"replies":[{"embeddable":true,"href":"https:\/\/impactodenoticias.com.ar\/index.php?rest_route=%2Fwp%2Fv2%2Fcomments&post=11483"}],"version-history":[{"count":1,"href":"https:\/\/impactodenoticias.com.ar\/index.php?rest_route=\/wp\/v2\/posts\/11483\/revisions"}],"predecessor-version":[{"id":11486,"href":"https:\/\/impactodenoticias.com.ar\/index.php?rest_route=\/wp\/v2\/posts\/11483\/revisions\/11486"}],"wp:featuredmedia":[{"embeddable":true,"href":"https:\/\/impactodenoticias.com.ar\/index.php?rest_route=\/wp\/v2\/media\/11485"}],"wp:attachment":[{"href":"https:\/\/impactodenoticias.com.ar\/index.php?rest_route=%2Fwp%2Fv2%2Fmedia&parent=11483"}],"wp:term":[{"taxonomy":"category","embeddable":true,"href":"https:\/\/impactodenoticias.com.ar\/index.php?rest_route=%2Fwp%2Fv2%2Fcategories&post=11483"},{"taxonomy":"post_tag","embeddable":true,"href":"https:\/\/impactodenoticias.com.ar\/index.php?rest_route=%2Fwp%2Fv2%2Ftags&post=11483"}],"curies":[{"name":"wp","href":"https:\/\/api.w.org\/{rel}","templated":true}]}}