{"id":1149,"date":"2024-07-14T12:42:09","date_gmt":"2024-07-14T15:42:09","guid":{"rendered":"https:\/\/impactodenoticias.com.ar\/?p=1149"},"modified":"2024-07-14T12:42:10","modified_gmt":"2024-07-14T15:42:10","slug":"colon-fallecio-un-adolescente-tras-chocar-con-su-cuatriciclo-ocurrio-en-colon","status":"publish","type":"post","link":"https:\/\/impactodenoticias.com.ar\/?p=1149","title":{"rendered":"Col\u00f3n: falleci\u00f3 un adolescente tras chocar con su cuatriciclo. Ocurri\u00f3 en Col\u00f3n"},"content":{"rendered":"\n<p><strong>Un joven de 15 a\u00f1os falleci\u00f3 tras protagonizar un accidente y perder el control de su cuatriciclo.<\/strong><\/p>\n\n\n\n<p>Se produjo la muerte de un joven de 15 a\u00f1os debido a un accidente vial, luego de perder el control de su cuatriciclo. El siniestro vial se produjo el viernes en una zona rural cerca de la Aurora del Palmar en Ubajay, departamento Col\u00f3n. El menor se encontraba internado en el Hospital Masvernat de Concordia, donde lamentablemente falleci\u00f3.<\/p>\n\n\n\n<p>En la tarde del viernes, el joven domiciliado en San Salvador sufri\u00f3 un siniestro vial mientras conduc\u00eda y maniobraba un cuatriciclo Yamaha Banshee 350 cc (2 tiempos) por un camino p\u00fablico (arenoso), en zona rural, en zona de influencia del lugar conocido como la Aurora del Palmar de Ubajay. Justamente, uno de ellos dio cuenta \u2013de acuerdo a la Polic\u00eda- que en el camino arenoso y al tomar velozmente una curva, el conductor del rodado perdi\u00f3 el control del veh\u00edculo y terminaron volcados.<\/p>\n\n\n\n<p>Por su parte, desde el hospital de Concordia se indic\u00f3 que la causa de la muerte fue un shock hipogluc\u00e9mico.<\/p>\n\n\n\n<p>Interviene la Fiscal\u00eda en turno a cargo del fiscal Alejandro Perroud, quien dispuso las averiguaciones antes detalladas, la entrega del cuerpo del menor fallecido a sus padres y pidi\u00f3 el envi\u00f3 del video del accidente, al igual que las placas fotogr\u00e1ficas que fueron practicadas por personal policial de la Comisar\u00eda de Ubajay, una vez localizado el lugar del hecho.<\/p>\n","protected":false},"excerpt":{"rendered":"<p>Un joven de 15 a&ntilde;os falleci&oacute; tras protagonizar un accidente y perder el control de su cuatriciclo. Se produjo la muerte de un joven de 15 a&ntilde;os debido a un accidente vial, luego de perder el control de su cuatriciclo. El siniestro vial se produjo el viernes en una zona rural cerca de la Aurora [&hellip;]<\/p>\n","protected":false},"author":2,"featured_media":1150,"comment_status":"open","ping_status":"open","sticky":false,"template":"","format":"standard","meta":{"footnotes":""},"categories":[8,4],"tags":[564,466,565,369],"class_list":["post-1149","post","type-post","status-publish","format-standard","has-post-thumbnail","hentry","category-policiales","category-provinciales","tag-adolescente","tag-colon","tag-cuatriciclo","tag-muerte"],"_links":{"self":[{"href":"https:\/\/impactodenoticias.com.ar\/index.php?rest_route=\/wp\/v2\/posts\/1149","targetHints":{"allow":["GET"]}}],"collection":[{"href":"https:\/\/impactodenoticias.com.ar\/index.php?rest_route=\/wp\/v2\/posts"}],"about":[{"href":"https:\/\/impactodenoticias.com.ar\/index.php?rest_route=\/wp\/v2\/types\/post"}],"author":[{"embeddable":true,"href":"https:\/\/impactodenoticias.com.ar\/index.php?rest_route=\/wp\/v2\/users\/2"}],"replies":[{"embeddable":true,"href":"https:\/\/impactodenoticias.com.ar\/index.php?rest_route=%2Fwp%2Fv2%2Fcomments&post=1149"}],"version-history":[{"count":1,"href":"https:\/\/impactodenoticias.com.ar\/index.php?rest_route=\/wp\/v2\/posts\/1149\/revisions"}],"predecessor-version":[{"id":1151,"href":"https:\/\/impactodenoticias.com.ar\/index.php?rest_route=\/wp\/v2\/posts\/1149\/revisions\/1151"}],"wp:featuredmedia":[{"embeddable":true,"href":"https:\/\/impactodenoticias.com.ar\/index.php?rest_route=\/wp\/v2\/media\/1150"}],"wp:attachment":[{"href":"https:\/\/impactodenoticias.com.ar\/index.php?rest_route=%2Fwp%2Fv2%2Fmedia&parent=1149"}],"wp:term":[{"taxonomy":"category","embeddable":true,"href":"https:\/\/impactodenoticias.com.ar\/index.php?rest_route=%2Fwp%2Fv2%2Fcategories&post=1149"},{"taxonomy":"post_tag","embeddable":true,"href":"https:\/\/impactodenoticias.com.ar\/index.php?rest_route=%2Fwp%2Fv2%2Ftags&post=1149"}],"curies":[{"name":"wp","href":"https:\/\/api.w.org\/{rel}","templated":true}]}}