{"id":11513,"date":"2025-02-21T20:43:37","date_gmt":"2025-02-21T23:43:37","guid":{"rendered":"https:\/\/impactodenoticias.com.ar\/?p=11513"},"modified":"2025-02-22T15:18:58","modified_gmt":"2025-02-22T18:18:58","slug":"el-stj-denego-el-recurso-extraordinario-federal-en-la-causa-por-el-abuso-a-tres-menores-en-oro-verde","status":"publish","type":"post","link":"https:\/\/impactodenoticias.com.ar\/?p=11513","title":{"rendered":"El STJ deneg\u00f3 el recurso extraordinario federal en la causa por el abuso a tres menores en Oro Verde"},"content":{"rendered":"\n<h2 class=\"wp-block-heading\">La Sala Penal del Superior Tribunal de Justicia, conformada por la vocal Claudia Mizawak; el vocal Germ\u00e1n Carlomagno y la vocal Susana Medina, deneg\u00f3 la concesi\u00f3n de los recursos extraordinarios federales, presentados por los abogados\/as defensores de los condenados en la causa conocida como Abusos en rituales o una secta o Abusos en Oro Verde.<\/h2>\n\n\n\n<p>La Sala Penal del Superior Tribunal de Justicia, conformada por la vocal Claudia Mizawak; el vocal Germ\u00e1n Carlomagno y la vocal Susana Medina, resolvi\u00f3 denegar la concesi\u00f3n de los recursos extraordinarios federales, presentados por los abogados\/as defensores de los condenados en la causa \u00abSaavedra Mar\u00eda Jos\u00e9 &#8211; Saavedra Luc\u00eda- Saavedra Juan &#8211; Saavedra Gustavo &#8211; Castro Daian &#8211; Wolff Furlong Mario &#8211; Almeira Natalia &#8211; Gonz\u00e1lez Aldo s\/ impugnaci\u00f3n extraordinaria (corrupci\u00f3n de menores agrav.- promoci\u00f3n a la prostituci\u00f3n &#8211; abuso sexual con acceso carnal agravado)\u00bb Expte. N\u00b0 5381, contra la sentencia que rechaz\u00f3 la impugnaci\u00f3n extraordinaria provincial.<\/p>\n\n\n\n<p>La vocal Claudia Mizawak fundament\u00f3 el voto indicando que \u201cel remedio federal basado en la falta de competencia no puede prosperar por resultar manifiestamente inadmisible en virtud de la carencia de reserva del caso federal en tiempo oportuno y por no conformar una cuesti\u00f3n federal suficiente que permita habilitar la extraordinaria v\u00eda\u201d.<\/p>\n\n\n\n<p>Nuestro M\u00e1ximo Tribunal ha se\u00f1alado: \u00ab\u2026el planteamiento correcto de la cuesti\u00f3n federal, base del recurso extraordinario, requiere no solo la menci\u00f3n concreta de las cl\u00e1usulas constitucionales que se estiman desconocidas sino tambi\u00e9n la demostraci\u00f3n de su conexi\u00f3n con la materia del pleito, exigencia que no se satisface con enunciaciones gen\u00e9ricas\u00bb.<\/p>\n\n\n\n<p>Adem\u00e1s indic\u00f3 que no se verifican los presupuestos de la existencia de cuesti\u00f3n federal suficiente ni emergen de los argumentos motivantes de las presentaciones la objetiva configuraci\u00f3n de alguno de los supuestos de procedencia contemplados en las disposiciones del art. 14 de la Ley N\u00ba 48 ni de los creados pretorianamente por el Alto Tribunal Federal; raz\u00f3n por la cual surge evidente que los recursos extraordinarios as\u00ed intentados se revelan palmariamente inadmisibles, debiendo denegarse su concesi\u00f3n\u00bb.<\/p>\n\n\n\n<p>Al voto de Mizawak adhirieron el vocal Germ\u00e1n Carlomagno y la vocal Susana Medina.<\/p>\n\n\n\n<p class=\"has-medium-font-size\">Los antecedentes<\/p>\n\n\n\n<p>El 23 de noviembre de 2022 el Tribunal de Juicios y Apelaciones de Paran\u00e1, presidido por la vocal Carolina Castagno, y los vocales Rafael Cotorruelo y Alejandro C\u00e1nepa, dio a conocer el adelanto de sentencia en el marco del juicio por los presuntos delitos contra la integridad sexual en Oro Verde.<\/p>\n\n\n\n<p>En el desarrollo de esa audiencia la vocal Carolina Castagno afirm\u00f3 que los abusos sexuales denunciados por las v\u00edctimas, menores de edad al momento de haber ocurrido, fueron acreditados durante el juicio.<\/p>\n\n\n\n<p class=\"has-medium-font-size\">Unanimidad<\/p>\n\n\n\n<p>El Tribunal fij\u00f3 las siguientes condenas para las y los imputados:<\/p>\n\n\n\n<p>Saavedra, Mar\u00eda Jos\u00e9: 25 a\u00f1os de prisi\u00f3n de cumplimiento efectivo por ser autora material y responsable del delito de promoci\u00f3n a la corrupci\u00f3n de menores agravada por la edad de las v\u00edctimas, el medio de comisi\u00f3n y por el v\u00ednculo, reiterada y promoci\u00f3n a la prostituci\u00f3n de menores agravada por la edad de la v\u00edctima y por el v\u00ednculo en concurso real (hechos primero, segundo, tercero, cuarto y quinto).<\/p>\n\n\n\n<p>Saavedra, Luc\u00eda Lidia: 22 a\u00f1os de prisi\u00f3n de cumplimiento efectivo por ser autora material y responsable del delito de promoci\u00f3n a la corrupci\u00f3n de menores agravada por la edad de las v\u00edctimas, por el medio de comisi\u00f3n y por el v\u00ednculo, reiterada (hechos primero, segundo, tercero, cuarto y quinto).<\/p>\n\n\n\n<p>Wolf Furlong, Mario Ren\u00e9: 22 a\u00f1os de prisi\u00f3n de cumplimiento efectivo por ser considerado autor material y responsable del delito de promoci\u00f3n a la corrupci\u00f3n de menores agravada por la edad de las v\u00edctimas, por el medio de comisi\u00f3n y por el v\u00ednculo, reiterada (hechos primero, segundo y tercero).<\/p>\n\n\n\n<p>Saavedra, Juan Pedro: 20 a\u00f1os de prisi\u00f3n de cumplimiento efectivo de cumplimiento efectivo por ser considerado autor material y responsable del delito de promoci\u00f3n a la corrupci\u00f3n de menores agravada por la edad de las v\u00edctimas, por el medio de comisi\u00f3n y por el v\u00ednculo, reiterada (hechos primero, segundo, tercero y cuarto).<\/p>\n\n\n\n<p>Castro, Daian Amaro: 20 a\u00f1os de prisi\u00f3n de cumplimiento efectivo por ser considerado autor material y responsable del delito de promoci\u00f3n a la corrupci\u00f3n de menores agravada por la edad de las v\u00edctimas, por el medio de comisi\u00f3n y por el v\u00ednculo, reiterada (hechos primero, segundo, tercero, cuarto y quinto).<\/p>\n\n\n\n<p>Saavedra, Gustavo Abel: 20 a\u00f1os de prisi\u00f3n de cumplimiento efectivo por ser considerado autor material y responsable del delito de promoci\u00f3n a la corrupci\u00f3n de menores agravada por la edad de las v\u00edctimas, por el medio de comisi\u00f3n y por el v\u00ednculo, reiterada (hechos primero, segundo, tercero y cuarto).<\/p>\n\n\n\n<p>Almeria, Natalia Yanina: 10 a\u00f1os de prisi\u00f3n de cumplimiento efectivo por ser considerada autora material y responsable del delito de promoci\u00f3n a la corrupci\u00f3n de menores agravada por la edad de las v\u00edctimas, por el v\u00ednculo de comisi\u00f3n y por el v\u00ednculo, reiterada .<\/p>\n\n\n\n<p>Gonz\u00e1lez, Aldo Ignacio: 9 a\u00f1os de prisi\u00f3n de cumplimiento efectivo por ser considerado autor material y responsable de los delitos de abuso simple reiterado y abuso sexual con acceso carnal en concurso real.<\/p>\n\n\n\n<p>Todos los imputados e imputadas se encuentran al momento con prisi\u00f3n preventiva.<\/p>\n\n\n\n<p>Durante el juicio el Ministerio P\u00fablico Fiscal estuvo representado por la fiscal coordinadora Matilde Federik y el fiscal Mariano Budassoff, en tanto que la abogada Marina Hundt y el abogado M\u00e1ximo Estrugo actuaron como querellantes particulares.<\/p>\n\n\n\n<p class=\"has-medium-font-size\"><strong>Confirmaci\u00f3n de Casaci\u00f3n<\/strong><\/p>\n\n\n\n<p>El 3 de agosto de 2023, la Sala I de la C\u00e1mara de Casaci\u00f3n Penal, integrada por las vocales Mar\u00eda del Luj\u00e1n Giorgio, Mar\u00eda Evangelina Bruzzo y el vocal Dar\u00edo Perroud, rechazaron los recursos de casaci\u00f3n interpuestos contra la sentencia del Tribunal de juicios y la confirmaron integramente.<\/p>\n\n\n\n<p class=\"has-medium-font-size\"><strong>Rechazo de la Sala Penal<\/strong><\/p>\n\n\n\n<p>El 25 de julio de 2024 la Sala Penal del Superior Tribunal de Justicia, rechaz\u00f3 por voto conjunto las impugnaciones extraordinarias presentadas por las defensas de los imputados Mar\u00eda Jos\u00e9 Saavedra, Luc\u00eda Lidia Saavedra, Gustavo Saavedra, Juan Pedro Saavedra, Daian Amaro Castro, Aldo Gonz\u00e1lez, Mario Ren\u00e9 Wolff Furlong, y Natalia Almeira.<\/p>\n","protected":false},"excerpt":{"rendered":"<p>La Sala Penal del Superior Tribunal de Justicia, conformada por la vocal Claudia Mizawak; el vocal Germ&aacute;n Carlomagno y la vocal Susana Medina, deneg&oacute; la concesi&oacute;n de los recursos extraordinarios federales, presentados por los abogados\/as defensores de los condenados en la causa conocida como Abusos en rituales o una secta o Abusos en Oro Verde. [&hellip;]<\/p>\n","protected":false},"author":2,"featured_media":11514,"comment_status":"open","ping_status":"open","sticky":false,"template":"","format":"standard","meta":{"footnotes":""},"categories":[90,4],"tags":[2074,4544,33,3119,1104,722,95,1619,4545,4546],"class_list":["post-11513","post","type-post","status-publish","format-standard","has-post-thumbnail","hentry","category-judicial","category-provinciales","tag-causa","tag-claudia-mizawak","tag-entre-rios","tag-german-carlomagno","tag-menores","tag-oro-verde","tag-parana","tag-stj","tag-susana-medina","tag-wolff-furlong-mario"],"_links":{"self":[{"href":"https:\/\/impactodenoticias.com.ar\/index.php?rest_route=\/wp\/v2\/posts\/11513","targetHints":{"allow":["GET"]}}],"collection":[{"href":"https:\/\/impactodenoticias.com.ar\/index.php?rest_route=\/wp\/v2\/posts"}],"about":[{"href":"https:\/\/impactodenoticias.com.ar\/index.php?rest_route=\/wp\/v2\/types\/post"}],"author":[{"embeddable":true,"href":"https:\/\/impactodenoticias.com.ar\/index.php?rest_route=\/wp\/v2\/users\/2"}],"replies":[{"embeddable":true,"href":"https:\/\/impactodenoticias.com.ar\/index.php?rest_route=%2Fwp%2Fv2%2Fcomments&post=11513"}],"version-history":[{"count":1,"href":"https:\/\/impactodenoticias.com.ar\/index.php?rest_route=\/wp\/v2\/posts\/11513\/revisions"}],"predecessor-version":[{"id":11515,"href":"https:\/\/impactodenoticias.com.ar\/index.php?rest_route=\/wp\/v2\/posts\/11513\/revisions\/11515"}],"wp:featuredmedia":[{"embeddable":true,"href":"https:\/\/impactodenoticias.com.ar\/index.php?rest_route=\/wp\/v2\/media\/11514"}],"wp:attachment":[{"href":"https:\/\/impactodenoticias.com.ar\/index.php?rest_route=%2Fwp%2Fv2%2Fmedia&parent=11513"}],"wp:term":[{"taxonomy":"category","embeddable":true,"href":"https:\/\/impactodenoticias.com.ar\/index.php?rest_route=%2Fwp%2Fv2%2Fcategories&post=11513"},{"taxonomy":"post_tag","embeddable":true,"href":"https:\/\/impactodenoticias.com.ar\/index.php?rest_route=%2Fwp%2Fv2%2Ftags&post=11513"}],"curies":[{"name":"wp","href":"https:\/\/api.w.org\/{rel}","templated":true}]}}