{"id":11520,"date":"2025-02-21T20:51:48","date_gmt":"2025-02-21T23:51:48","guid":{"rendered":"https:\/\/impactodenoticias.com.ar\/?p=11520"},"modified":"2025-02-22T15:18:53","modified_gmt":"2025-02-22T18:18:53","slug":"la-municipalidad-de-parana-acordo-un-aumento-salarial","status":"publish","type":"post","link":"https:\/\/impactodenoticias.com.ar\/?p=11520","title":{"rendered":"La Municipalidad de Paran\u00e1 acord\u00f3 un aumento salarial"},"content":{"rendered":"\n<h2 class=\"wp-block-heading\">En el marco de la mesa de di\u00e1logo convocada por el Municipio, se acord\u00f3 en primer lugar un incremento del 10% en tres tramos: un 5% con los haberes de febrero, un 3% con los de marzo y un 2% con los de abril.<\/h2>\n\n\n\n<p>Por otro lado, tambi\u00e9n se defini\u00f3 la conversi\u00f3n a remunerativos de los c\u00f3digos de \u201crefrigerio\u201d, \u201cadicional por presentismo\u201d y \u201cadicional especial por asistencia\u00bb, como punto destacado de la mesa.<\/p>\n\n\n\n<p>El acuerdo, suscripto este viernes, fue alcanzado con dos entidades gremiales tras las negociaciones llevadas a cabo durante la semana.<\/p>\n\n\n\n<p>Las partes tambi\u00e9n se comprometieron a continuar el di\u00e1logo en una mesa de trabajo que se realizar\u00e1 en marzo y a retomar la Mesa de Di\u00e1logo Salarial en mayo.<\/p>\n","protected":false},"excerpt":{"rendered":"<p>En el marco de la mesa de di&aacute;logo convocada por el Municipio, se acord&oacute; en primer lugar un incremento del 10% en tres tramos: un 5% con los haberes de febrero, un 3% con los de marzo y un 2% con los de abril. Por otro lado, tambi&eacute;n se defini&oacute; la conversi&oacute;n a remunerativos de [&hellip;]<\/p>\n","protected":false},"author":2,"featured_media":11521,"comment_status":"open","ping_status":"open","sticky":false,"template":"","format":"standard","meta":{"footnotes":""},"categories":[91,3,1902],"tags":[57,102,95,747],"class_list":["post-11520","post","type-post","status-publish","format-standard","has-post-thumbnail","hentry","category-gremiales","category-locales","category-municipales","tag-aumento","tag-municipalidad","tag-parana","tag-salarial"],"_links":{"self":[{"href":"https:\/\/impactodenoticias.com.ar\/index.php?rest_route=\/wp\/v2\/posts\/11520","targetHints":{"allow":["GET"]}}],"collection":[{"href":"https:\/\/impactodenoticias.com.ar\/index.php?rest_route=\/wp\/v2\/posts"}],"about":[{"href":"https:\/\/impactodenoticias.com.ar\/index.php?rest_route=\/wp\/v2\/types\/post"}],"author":[{"embeddable":true,"href":"https:\/\/impactodenoticias.com.ar\/index.php?rest_route=\/wp\/v2\/users\/2"}],"replies":[{"embeddable":true,"href":"https:\/\/impactodenoticias.com.ar\/index.php?rest_route=%2Fwp%2Fv2%2Fcomments&post=11520"}],"version-history":[{"count":1,"href":"https:\/\/impactodenoticias.com.ar\/index.php?rest_route=\/wp\/v2\/posts\/11520\/revisions"}],"predecessor-version":[{"id":11522,"href":"https:\/\/impactodenoticias.com.ar\/index.php?rest_route=\/wp\/v2\/posts\/11520\/revisions\/11522"}],"wp:featuredmedia":[{"embeddable":true,"href":"https:\/\/impactodenoticias.com.ar\/index.php?rest_route=\/wp\/v2\/media\/11521"}],"wp:attachment":[{"href":"https:\/\/impactodenoticias.com.ar\/index.php?rest_route=%2Fwp%2Fv2%2Fmedia&parent=11520"}],"wp:term":[{"taxonomy":"category","embeddable":true,"href":"https:\/\/impactodenoticias.com.ar\/index.php?rest_route=%2Fwp%2Fv2%2Fcategories&post=11520"},{"taxonomy":"post_tag","embeddable":true,"href":"https:\/\/impactodenoticias.com.ar\/index.php?rest_route=%2Fwp%2Fv2%2Ftags&post=11520"}],"curies":[{"name":"wp","href":"https:\/\/api.w.org\/{rel}","templated":true}]}}