{"id":11541,"date":"2025-02-22T09:54:49","date_gmt":"2025-02-22T12:54:49","guid":{"rendered":"https:\/\/impactodenoticias.com.ar\/?p=11541"},"modified":"2025-02-22T09:54:49","modified_gmt":"2025-02-22T12:54:49","slug":"se-produjo-un-incendio-en-barrio-anacleto-sur-de-parana","status":"publish","type":"post","link":"https:\/\/impactodenoticias.com.ar\/?p=11541","title":{"rendered":"Se produjo un incendio en barrio Anacleto Sur de Paran\u00e1"},"content":{"rendered":"\n<h2 class=\"wp-block-heading\">Personal del Cuerpo Activo de Bomberos Voluntarios Paran\u00e1, se dirigi\u00f3 al barrio Anacleto Sur tras el aviso de un incendio desatado en una vivienda.<\/h2>\n\n\n\n<p>Una unidad del Cuerpo Activo de Bomberos Voluntarios Paran\u00e1 se dirigi\u00f3 r\u00e1pidamente a calle Beguaes, Barrio Anacleto Medina Sur, en la Ciudad de Paran\u00e1, tras recibir un aviso de incendio en una vivienda.<\/p>\n\n\n\n<p><\/p>\n\n\n\n<figure class=\"wp-block-image size-large\"><img loading=\"lazy\" decoding=\"async\" width=\"1024\" height=\"768\" src=\"https:\/\/impactodenoticias.com.ar\/wp-content\/uploads\/2025\/02\/480526832_959069146370249_848485647679552992_n-1024x768.jpg\" alt=\"\" class=\"wp-image-11542\" srcset=\"https:\/\/impactodenoticias.com.ar\/wp-content\/uploads\/2025\/02\/480526832_959069146370249_848485647679552992_n-1024x768.jpg 1024w, https:\/\/impactodenoticias.com.ar\/wp-content\/uploads\/2025\/02\/480526832_959069146370249_848485647679552992_n-300x225.jpg 300w, https:\/\/impactodenoticias.com.ar\/wp-content\/uploads\/2025\/02\/480526832_959069146370249_848485647679552992_n-768x576.jpg 768w, https:\/\/impactodenoticias.com.ar\/wp-content\/uploads\/2025\/02\/480526832_959069146370249_848485647679552992_n-1536x1152.jpg 1536w, https:\/\/impactodenoticias.com.ar\/wp-content\/uploads\/2025\/02\/480526832_959069146370249_848485647679552992_n.jpg 2048w\" sizes=\"auto, (max-width: 1024px) 100vw, 1024px\" \/><\/figure>\n\n\n\n<p><\/p>\n\n\n\n<figure class=\"wp-block-image size-large\"><img loading=\"lazy\" decoding=\"async\" width=\"1024\" height=\"768\" src=\"https:\/\/impactodenoticias.com.ar\/wp-content\/uploads\/2025\/02\/480561609_959069303036900_2259995937883363668_n-1024x768.jpg\" alt=\"\" class=\"wp-image-11543\" srcset=\"https:\/\/impactodenoticias.com.ar\/wp-content\/uploads\/2025\/02\/480561609_959069303036900_2259995937883363668_n-1024x768.jpg 1024w, https:\/\/impactodenoticias.com.ar\/wp-content\/uploads\/2025\/02\/480561609_959069303036900_2259995937883363668_n-300x225.jpg 300w, https:\/\/impactodenoticias.com.ar\/wp-content\/uploads\/2025\/02\/480561609_959069303036900_2259995937883363668_n-768x576.jpg 768w, https:\/\/impactodenoticias.com.ar\/wp-content\/uploads\/2025\/02\/480561609_959069303036900_2259995937883363668_n-1536x1152.jpg 1536w, https:\/\/impactodenoticias.com.ar\/wp-content\/uploads\/2025\/02\/480561609_959069303036900_2259995937883363668_n.jpg 2048w\" sizes=\"auto, (max-width: 1024px) 100vw, 1024px\" \/><\/figure>\n\n\n\n<p><\/p>\n\n\n\n<p>Gracias a la r\u00e1pida intervenci\u00f3n de los vecinos, quien en un proncipio, lograron controlar el fuego, el personal de bomberos pudieron extinguirlo r\u00e1pidamente al llegar al lugar, evitando as\u00ed su propagaci\u00f3n a otros ambientes de la vivienda.<\/p>\n\n\n\n<p>La pronta respuesta y coordinaci\u00f3n entre la comunidad y los bomberos permitieron controlar el incendio y evitar mayores consecuencias.<\/p>\n","protected":false},"excerpt":{"rendered":"<p>Personal del Cuerpo Activo de Bomberos Voluntarios Paran&aacute;, se dirigi&oacute; al barrio Anacleto Sur tras el aviso de un incendio desatado en una vivienda. Una unidad del Cuerpo Activo de Bomberos Voluntarios Paran&aacute; se dirigi&oacute; r&aacute;pidamente a calle Beguaes, Barrio Anacleto Medina Sur, en la Ciudad de Paran&aacute;, tras recibir un aviso de incendio en [&hellip;]<\/p>\n","protected":false},"author":2,"featured_media":11544,"comment_status":"open","ping_status":"open","sticky":false,"template":"","format":"standard","meta":{"footnotes":""},"categories":[3,8],"tags":[4553,1145,227,95],"class_list":["post-11541","post","type-post","status-publish","format-standard","has-post-thumbnail","hentry","category-locales","category-policiales","tag-anacleto-sur","tag-barrio","tag-incendio","tag-parana"],"_links":{"self":[{"href":"https:\/\/impactodenoticias.com.ar\/index.php?rest_route=\/wp\/v2\/posts\/11541","targetHints":{"allow":["GET"]}}],"collection":[{"href":"https:\/\/impactodenoticias.com.ar\/index.php?rest_route=\/wp\/v2\/posts"}],"about":[{"href":"https:\/\/impactodenoticias.com.ar\/index.php?rest_route=\/wp\/v2\/types\/post"}],"author":[{"embeddable":true,"href":"https:\/\/impactodenoticias.com.ar\/index.php?rest_route=\/wp\/v2\/users\/2"}],"replies":[{"embeddable":true,"href":"https:\/\/impactodenoticias.com.ar\/index.php?rest_route=%2Fwp%2Fv2%2Fcomments&post=11541"}],"version-history":[{"count":1,"href":"https:\/\/impactodenoticias.com.ar\/index.php?rest_route=\/wp\/v2\/posts\/11541\/revisions"}],"predecessor-version":[{"id":11545,"href":"https:\/\/impactodenoticias.com.ar\/index.php?rest_route=\/wp\/v2\/posts\/11541\/revisions\/11545"}],"wp:featuredmedia":[{"embeddable":true,"href":"https:\/\/impactodenoticias.com.ar\/index.php?rest_route=\/wp\/v2\/media\/11544"}],"wp:attachment":[{"href":"https:\/\/impactodenoticias.com.ar\/index.php?rest_route=%2Fwp%2Fv2%2Fmedia&parent=11541"}],"wp:term":[{"taxonomy":"category","embeddable":true,"href":"https:\/\/impactodenoticias.com.ar\/index.php?rest_route=%2Fwp%2Fv2%2Fcategories&post=11541"},{"taxonomy":"post_tag","embeddable":true,"href":"https:\/\/impactodenoticias.com.ar\/index.php?rest_route=%2Fwp%2Fv2%2Ftags&post=11541"}],"curies":[{"name":"wp","href":"https:\/\/api.w.org\/{rel}","templated":true}]}}