{"id":11556,"date":"2025-02-22T10:26:01","date_gmt":"2025-02-22T13:26:01","guid":{"rendered":"https:\/\/impactodenoticias.com.ar\/?p=11556"},"modified":"2025-02-22T11:00:30","modified_gmt":"2025-02-22T14:00:30","slug":"un-automovil-se-prendio-fuego-en-plena-via-publica-en-san-salvador","status":"publish","type":"post","link":"https:\/\/impactodenoticias.com.ar\/?p=11556","title":{"rendered":"Un autom\u00f3vil se prendi\u00f3 fuego en plena v\u00eda p\u00fablica en San Salvador"},"content":{"rendered":"\n<h2 class=\"wp-block-heading\">El siniestro vial se registr\u00f3 en la localidad de San Salvador, donde por causas que se busca establecer, las llamas desatadas en un autom\u00f3vil que se encontraba en plena v\u00eda p\u00fablica, gener\u00f3 importante da\u00f1os materiales.<\/h2>\n\n\n\n<p>El siniestro vial ocurri\u00f3 en calle Combate de San Lorenzo, casi Tulio Gonz\u00e1lez, de la localidad de San Salvador. Afortunadamente no hubo que lamentar personas heridas, no obstante se registraron importantes da\u00f1os materiales en el veh\u00edculo.<\/p>\n\n\n\n<p><\/p>\n\n\n\n<figure class=\"wp-block-image size-full\"><img loading=\"lazy\" decoding=\"async\" width=\"768\" height=\"512\" src=\"https:\/\/impactodenoticias.com.ar\/wp-content\/uploads\/2025\/02\/r_1740228888.jpg\" alt=\"\" class=\"wp-image-11557\" srcset=\"https:\/\/impactodenoticias.com.ar\/wp-content\/uploads\/2025\/02\/r_1740228888.jpg 768w, https:\/\/impactodenoticias.com.ar\/wp-content\/uploads\/2025\/02\/r_1740228888-300x200.jpg 300w\" sizes=\"auto, (max-width: 768px) 100vw, 768px\" \/><\/figure>\n\n\n\n<p><\/p>\n\n\n\n<p>En el lugar se hizo presente personal de Bomberos Voluntarios de San Salvador, que activ\u00f3 la unidad de primera respuesta, para atender la emergencia y garantizar la seguridad de la zona, junto alpersonal policial de la Jefatura de Polic\u00eda quienes tambi\u00e9n prestaron colaboraci\u00f3n en el lugar del hecho.<\/p>\n","protected":false},"excerpt":{"rendered":"<p>El siniestro vial se registr&oacute; en la localidad de San Salvador, donde por causas que se busca establecer, las llamas desatadas en un autom&oacute;vil que se encontraba en plena v&iacute;a p&uacute;blica, gener&oacute; importante da&ntilde;os materiales. El siniestro vial ocurri&oacute; en calle Combate de San Lorenzo, casi Tulio Gonz&aacute;lez, de la localidad de San Salvador. Afortunadamente [&hellip;]<\/p>\n","protected":false},"author":2,"featured_media":11558,"comment_status":"open","ping_status":"open","sticky":false,"template":"","format":"standard","meta":{"footnotes":""},"categories":[8,4],"tags":[566,227,639],"class_list":["post-11556","post","type-post","status-publish","format-standard","has-post-thumbnail","hentry","category-policiales","category-provinciales","tag-automovil","tag-incendio","tag-san-salvador"],"_links":{"self":[{"href":"https:\/\/impactodenoticias.com.ar\/index.php?rest_route=\/wp\/v2\/posts\/11556","targetHints":{"allow":["GET"]}}],"collection":[{"href":"https:\/\/impactodenoticias.com.ar\/index.php?rest_route=\/wp\/v2\/posts"}],"about":[{"href":"https:\/\/impactodenoticias.com.ar\/index.php?rest_route=\/wp\/v2\/types\/post"}],"author":[{"embeddable":true,"href":"https:\/\/impactodenoticias.com.ar\/index.php?rest_route=\/wp\/v2\/users\/2"}],"replies":[{"embeddable":true,"href":"https:\/\/impactodenoticias.com.ar\/index.php?rest_route=%2Fwp%2Fv2%2Fcomments&post=11556"}],"version-history":[{"count":2,"href":"https:\/\/impactodenoticias.com.ar\/index.php?rest_route=\/wp\/v2\/posts\/11556\/revisions"}],"predecessor-version":[{"id":11562,"href":"https:\/\/impactodenoticias.com.ar\/index.php?rest_route=\/wp\/v2\/posts\/11556\/revisions\/11562"}],"wp:featuredmedia":[{"embeddable":true,"href":"https:\/\/impactodenoticias.com.ar\/index.php?rest_route=\/wp\/v2\/media\/11558"}],"wp:attachment":[{"href":"https:\/\/impactodenoticias.com.ar\/index.php?rest_route=%2Fwp%2Fv2%2Fmedia&parent=11556"}],"wp:term":[{"taxonomy":"category","embeddable":true,"href":"https:\/\/impactodenoticias.com.ar\/index.php?rest_route=%2Fwp%2Fv2%2Fcategories&post=11556"},{"taxonomy":"post_tag","embeddable":true,"href":"https:\/\/impactodenoticias.com.ar\/index.php?rest_route=%2Fwp%2Fv2%2Ftags&post=11556"}],"curies":[{"name":"wp","href":"https:\/\/api.w.org\/{rel}","templated":true}]}}