{"id":11582,"date":"2025-02-22T14:11:32","date_gmt":"2025-02-22T17:11:32","guid":{"rendered":"https:\/\/impactodenoticias.com.ar\/?p=11582"},"modified":"2025-02-24T09:02:22","modified_gmt":"2025-02-24T12:02:22","slug":"frigerio-la-transparencia-y-el-simbolo-de-la-corrupcion","status":"publish","type":"post","link":"https:\/\/impactodenoticias.com.ar\/?p=11582","title":{"rendered":"Frigerio, la transparencia y el s\u00edmbolo de la corrupci\u00f3n"},"content":{"rendered":"\n<p class=\"has-medium-font-size\"><strong>El gobernador de Entre R\u00edos, Rogelio Frigerio, se reuni\u00f3 con Diego Lara, presidente del Tribunal de Cuentas, para hablar de modernizaci\u00f3n y transparencia en el control de la administraci\u00f3n p\u00fablica.<\/strong><\/p>\n\n\n\n<p>Sin embargo, la elecci\u00f3n de Lara como interlocutor en esta Agenda deja en evidencia la verdadera naturaleza del discurso oficial: una fachada vac\u00eda que encubre la continuidad del entramado corrupto que ha gobernado la provincia durante d\u00e9cadas.<\/p>\n\n\n\n<p>Lara no es un funcionario cualquiera, es el emblema de los contratos truchos, un engranaje clave en la estructura de corrupci\u00f3n que domin\u00f3 Entre R\u00edos bajo la gesti\u00f3n de Gustavo Bordet. Su llegada al Tribunal de Cuentas no fue fruto del m\u00e9rito ni de una pol\u00edtica de institucionalidad seria, sino del amiguismo m\u00e1s burdo. Fue se\u00f1alado por el propio Esteban Vitor, en su momento, como un ejemplo de la designaci\u00f3n a dedo de personajes que garantizaran impunidad y complicidad con el poder.<\/p>\n\n\n\n<p>El hecho de que Frigerio, quien se jacta de haber asumido con la promesa de transparencia y cambios estructurales, avale a Lara y lo reciba como un socio en la supuesta modernizaci\u00f3n del Tribunal de Cuentas, solo ratifica que en Entre R\u00edos nada ha cambiado. Es una se\u00f1al clara de que la corrupci\u00f3n sigue vigente y de que los nombres podr\u00e1n ser distintos, pero las pr\u00e1cticas siguen siendo las mismas.<\/p>\n\n\n\n<p>Modernizaci\u00f3n, digitalizaci\u00f3n y \u00abuna mirada constructiva del control\u00bb son palabras bonitas para disfrazar lo que en la realidad es un pacto de continuidad con el pasado. Diego Lara no representa la transparencia ni la modernizaci\u00f3n; representa el modelo que ha saqueado las cuentas p\u00fablicas y garantizado la impunidad de los poderosos. Y Frigerio, lejos de combatirlo, le da su respaldo.<\/p>\n\n\n\n<p>Si este es el compromiso del gobernador con la transparencia, entonces Entre R\u00edos seguir\u00e1 siendo reh\u00e9n de los mismos de siempre.<\/p>\n","protected":false},"excerpt":{"rendered":"<p>El gobernador de Entre R&iacute;os, Rogelio Frigerio, se reuni&oacute; con Diego Lara, presidente del Tribunal de Cuentas, para hablar de modernizaci&oacute;n y transparencia en el control de la administraci&oacute;n p&uacute;blica. Sin embargo, la elecci&oacute;n de Lara como interlocutor en esta Agenda deja en evidencia la verdadera naturaleza del discurso oficial: una fachada vac&iacute;a que encubre [&hellip;]<\/p>\n","protected":false},"author":2,"featured_media":11583,"comment_status":"open","ping_status":"open","sticky":false,"template":"","format":"standard","meta":{"footnotes":""},"categories":[11,4],"tags":[2234,3525,4574,4573,32,310,39,4575],"class_list":["post-11582","post","type-post","status-publish","format-standard","has-post-thumbnail","hentry","category-politica","category-provinciales","tag-contratos","tag-corrupcion","tag-cuentas","tag-diego-lara","tag-gustavo-bordet","tag-reunion","tag-rogelio-frigerio","tag-truchos"],"_links":{"self":[{"href":"https:\/\/impactodenoticias.com.ar\/index.php?rest_route=\/wp\/v2\/posts\/11582","targetHints":{"allow":["GET"]}}],"collection":[{"href":"https:\/\/impactodenoticias.com.ar\/index.php?rest_route=\/wp\/v2\/posts"}],"about":[{"href":"https:\/\/impactodenoticias.com.ar\/index.php?rest_route=\/wp\/v2\/types\/post"}],"author":[{"embeddable":true,"href":"https:\/\/impactodenoticias.com.ar\/index.php?rest_route=\/wp\/v2\/users\/2"}],"replies":[{"embeddable":true,"href":"https:\/\/impactodenoticias.com.ar\/index.php?rest_route=%2Fwp%2Fv2%2Fcomments&post=11582"}],"version-history":[{"count":1,"href":"https:\/\/impactodenoticias.com.ar\/index.php?rest_route=\/wp\/v2\/posts\/11582\/revisions"}],"predecessor-version":[{"id":11584,"href":"https:\/\/impactodenoticias.com.ar\/index.php?rest_route=\/wp\/v2\/posts\/11582\/revisions\/11584"}],"wp:featuredmedia":[{"embeddable":true,"href":"https:\/\/impactodenoticias.com.ar\/index.php?rest_route=\/wp\/v2\/media\/11583"}],"wp:attachment":[{"href":"https:\/\/impactodenoticias.com.ar\/index.php?rest_route=%2Fwp%2Fv2%2Fmedia&parent=11582"}],"wp:term":[{"taxonomy":"category","embeddable":true,"href":"https:\/\/impactodenoticias.com.ar\/index.php?rest_route=%2Fwp%2Fv2%2Fcategories&post=11582"},{"taxonomy":"post_tag","embeddable":true,"href":"https:\/\/impactodenoticias.com.ar\/index.php?rest_route=%2Fwp%2Fv2%2Ftags&post=11582"}],"curies":[{"name":"wp","href":"https:\/\/api.w.org\/{rel}","templated":true}]}}