{"id":11596,"date":"2025-02-23T11:54:09","date_gmt":"2025-02-23T14:54:09","guid":{"rendered":"https:\/\/impactodenoticias.com.ar\/?p=11596"},"modified":"2025-02-23T11:54:09","modified_gmt":"2025-02-23T14:54:09","slug":"se-produjo-un-accidente-vial-fatal-en-crespo-una-persona-fallecida","status":"publish","type":"post","link":"https:\/\/impactodenoticias.com.ar\/?p=11596","title":{"rendered":"Se produjo un accidente vial fatal en Crespo: una persona fallecida"},"content":{"rendered":"\n<h2 class=\"wp-block-heading\">En la madrugada de este domingo, un tr\u00e1gico accidente en la Ruta 12, entre Crespo y Camps, dej\u00f3 como saldo un fallecido y otras dos personas heridas.<\/h2>\n\n\n\n<p>El accidente vial involucr\u00f3 una camioneta Toyota, en la que viajaban dos ocupantes oriundos de Paran\u00e1, y un autom\u00f3vil Volkswagen Cross, conducido por un hombre oriundo de Nogoy\u00e1.<\/p>\n\n\n\n<p>Debido a la violencia del impacto, el conductor del Volkswagen perdi\u00f3 la vida en el lugar, mientras que los ocupantes de la camioneta sufrieron heridas leves y fueron trasladados al hospital m\u00e1s cercano. Bomberos voluntarios de Crespo y Camps trabajaron en conjunto para asistir a los heridos y coordinar las tareas de rescate.<\/p>\n\n\n\n<p><\/p>\n\n\n\n<figure class=\"wp-block-image size-large\"><img loading=\"lazy\" decoding=\"async\" width=\"1024\" height=\"683\" src=\"https:\/\/impactodenoticias.com.ar\/wp-content\/uploads\/2025\/02\/480208199_960549349520718_1858279976654119661_n-1024x683.jpg\" alt=\"\" class=\"wp-image-11597\" srcset=\"https:\/\/impactodenoticias.com.ar\/wp-content\/uploads\/2025\/02\/480208199_960549349520718_1858279976654119661_n-1024x683.jpg 1024w, https:\/\/impactodenoticias.com.ar\/wp-content\/uploads\/2025\/02\/480208199_960549349520718_1858279976654119661_n-300x200.jpg 300w, https:\/\/impactodenoticias.com.ar\/wp-content\/uploads\/2025\/02\/480208199_960549349520718_1858279976654119661_n-768x512.jpg 768w, https:\/\/impactodenoticias.com.ar\/wp-content\/uploads\/2025\/02\/480208199_960549349520718_1858279976654119661_n.jpg 1080w\" sizes=\"auto, (max-width: 1024px) 100vw, 1024px\" \/><\/figure>\n\n\n\n<p><\/p>\n\n\n\n<p>Las autoridades confirmaron que la persona fallecida fue identificada como Sandro Espinosa, de Nogoy\u00e1.<\/p>\n\n\n\n<p>Enlas primeras horas de la ma\u00f1ana, el gabinete criminal\u00edstico llev\u00f3 adelante las pericias correspondientes para determinar las circunstancias del siniestro y establecer las causas del deceso y las lesiones sufridas por los involucrados.<\/p>\n","protected":false},"excerpt":{"rendered":"<p>En la madrugada de este domingo, un tr&aacute;gico accidente en la Ruta 12, entre Crespo y Camps, dej&oacute; como saldo un fallecido y otras dos personas heridas. El accidente vial involucr&oacute; una camioneta Toyota, en la que viajaban dos ocupantes oriundos de Paran&aacute;, y un autom&oacute;vil Volkswagen Cross, conducido por un hombre oriundo de Nogoy&aacute;. [&hellip;]<\/p>\n","protected":false},"author":2,"featured_media":11598,"comment_status":"open","ping_status":"open","sticky":false,"template":"","format":"standard","meta":{"footnotes":""},"categories":[3,8],"tags":[120,337,457,1039,293,4577],"class_list":["post-11596","post","type-post","status-publish","format-standard","has-post-thumbnail","hentry","category-locales","category-policiales","tag-accidente","tag-crespo","tag-muerto","tag-nogoya","tag-ruta-12","tag-sandro-espinoza"],"_links":{"self":[{"href":"https:\/\/impactodenoticias.com.ar\/index.php?rest_route=\/wp\/v2\/posts\/11596","targetHints":{"allow":["GET"]}}],"collection":[{"href":"https:\/\/impactodenoticias.com.ar\/index.php?rest_route=\/wp\/v2\/posts"}],"about":[{"href":"https:\/\/impactodenoticias.com.ar\/index.php?rest_route=\/wp\/v2\/types\/post"}],"author":[{"embeddable":true,"href":"https:\/\/impactodenoticias.com.ar\/index.php?rest_route=\/wp\/v2\/users\/2"}],"replies":[{"embeddable":true,"href":"https:\/\/impactodenoticias.com.ar\/index.php?rest_route=%2Fwp%2Fv2%2Fcomments&post=11596"}],"version-history":[{"count":1,"href":"https:\/\/impactodenoticias.com.ar\/index.php?rest_route=\/wp\/v2\/posts\/11596\/revisions"}],"predecessor-version":[{"id":11599,"href":"https:\/\/impactodenoticias.com.ar\/index.php?rest_route=\/wp\/v2\/posts\/11596\/revisions\/11599"}],"wp:featuredmedia":[{"embeddable":true,"href":"https:\/\/impactodenoticias.com.ar\/index.php?rest_route=\/wp\/v2\/media\/11598"}],"wp:attachment":[{"href":"https:\/\/impactodenoticias.com.ar\/index.php?rest_route=%2Fwp%2Fv2%2Fmedia&parent=11596"}],"wp:term":[{"taxonomy":"category","embeddable":true,"href":"https:\/\/impactodenoticias.com.ar\/index.php?rest_route=%2Fwp%2Fv2%2Fcategories&post=11596"},{"taxonomy":"post_tag","embeddable":true,"href":"https:\/\/impactodenoticias.com.ar\/index.php?rest_route=%2Fwp%2Fv2%2Ftags&post=11596"}],"curies":[{"name":"wp","href":"https:\/\/api.w.org\/{rel}","templated":true}]}}