{"id":11615,"date":"2025-02-23T12:33:50","date_gmt":"2025-02-23T15:33:50","guid":{"rendered":"https:\/\/impactodenoticias.com.ar\/?p=11615"},"modified":"2025-02-24T09:02:14","modified_gmt":"2025-02-24T12:02:14","slug":"urribarri-critico-a-un-peronismo-que-agacha-la-cabeza-y-se-acostumbra-a-perder","status":"publish","type":"post","link":"https:\/\/impactodenoticias.com.ar\/?p=11615","title":{"rendered":"Urribarri critic\u00f3 a \u201cun peronismo que agacha la cabeza y se acostumbra a perder\u201d"},"content":{"rendered":"\n<h2 class=\"wp-block-heading\">En la convocatoria que hizo este s\u00e1bado, en el Club San Mart\u00edn de Concordia, el ex gobernador de Entre R\u00edos critic\u00f3 duramente a la dirigencia del PJ, por presentar \u201cun peronismo con miedo, y del s\u00e1lvese quien pueda\u201d.<\/h2>\n\n\n\n<p>El exgobernador arrib\u00f3 a la sede del club alrededor de las 11.30, acompa\u00f1ado por su hijo Mauro y su hermano Guillermo. Entr\u00f3 solo, y salud\u00f3 y abraz\u00f3 a quienes se le acercaron. Emocionado hasta el llanto, le cost\u00f3 unos minutos comenzar su alocusi\u00f3n.<\/p>\n\n\n\n<p>El encuentro de tinte pol\u00edtico, tuvo un marco de p\u00fablico mucho m\u00e1s reducido del esperado, coincidiendo con un diluvio que arranc\u00f3 a las 10.30 de la ma\u00f1ana. No hab\u00eda dirigencia de primera l\u00ednea entre los presentes, solo algunas caras conocidas del mundo de la pol\u00edtica concordiense, algunos ex funcionarios de gestiones peronistas anteriores en la ciudad \u00abdel citrus\u00bb, pero segundas y terceras l\u00edneas. En total la convocatoria habr\u00e1 nucleado entre unas cien y ciento cincuenta personas, poco, muy poco.<\/p>\n\n\n\n<p>El acto cont\u00f3 con la compa\u00f1\u00eda de su amigo y periodista Jorge Ballay, quien ofici\u00f3 de presentador del encuentro. En la mesa, Urribarri estuvo solo, con dos libros como todo decorado. Uno, \u00abSinceramente\u00bb, de Cristina Fern\u00e1ndez de Kirchner. Otro, Las casualidades no existen. Espiritualidad para esc\u00e9pticos, de Borja Vilaseca. Este \u00faltimo fue el primero que ley\u00f3 en la c\u00e1rcel, por sugerencia de Anal\u00eda, su esposa.<\/p>\n\n\n\n<p>Tras la emoci\u00f3n del inicio, Urribarri comenz\u00f3 el acto acusando a la dirigencia peronista que lo sucedi\u00f3 de haber convertido al espacio pol\u00edtico en un \u201cperonismo con miedo, del s\u00e1lvese quien pueda\u201d. \u201cEra un peronismo rebelde y lo hicieron un peronismo individualista\u201d, destac\u00f3.<\/p>\n\n\n\n<p>Sobre las especulaciones que se hicieron por su invitaci\u00f3n a la militancia, Urribarri las atribuy\u00f3 \u201cal estado del peronismo actual\u201d, indicando que \u201chay que estar al pedo para especular con candidaturas y agrupaciones, cuando el pueblo est\u00e1 sufriendo\u201d.<\/p>\n\n\n\n<p>Luego continu\u00f3 narrando en primera persona la experiencia de haber estado encarcelado. Record\u00f3 las \u00faltimas horas previas al traslado y cont\u00f3 algunas vivencias de la c\u00e1rcel. Asever\u00f3 que fue gracias al cari\u00f1o de la militancia que pudo sostenerse entero \u201cy no quebrarme\u201d.<\/p>\n\n\n\n<p>Otra vez con l\u00e1grimas en los ojos, agradeci\u00f3 a su familia por el sost\u00e9n y afirm\u00f3 que nadie esperaba lo que sucedi\u00f3 \u201cese d\u00eda\u201d, en alusi\u00f3n al 19 de noviembre, d\u00eda que lo llevaron preso. Cont\u00f3 que en la celda \u201cle\u00edmos mucho, con Pedro y Juampi\u201d, por B\u00e1ez y Aguilera.<\/p>\n\n\n\n<p>Reconoci\u00f3 que \u201cdurante el viaje a Paran\u00e1, cuando iba a la c\u00e1rcel, me hice muchas preguntas. Me pregunt\u00e9 si iba a poder afrontar eso sin miedo y supe que mi miedo es no tener dignidad. No ser digno hubiera sido perder la esperanza, bajar los brazos, faltar el respeto a los que estaban detenidos conmigo. No nos quebraron, que era lo que buscaban\u201d, expres\u00f3.<\/p>\n\n\n\n<p><\/p>\n\n\n\n<figure class=\"wp-block-image size-large\"><img loading=\"lazy\" decoding=\"async\" width=\"1024\" height=\"683\" src=\"https:\/\/impactodenoticias.com.ar\/wp-content\/uploads\/2025\/02\/o_1740254925-1024x683.jpg\" alt=\"\" class=\"wp-image-11616\" srcset=\"https:\/\/impactodenoticias.com.ar\/wp-content\/uploads\/2025\/02\/o_1740254925-1024x683.jpg 1024w, https:\/\/impactodenoticias.com.ar\/wp-content\/uploads\/2025\/02\/o_1740254925-300x200.jpg 300w, https:\/\/impactodenoticias.com.ar\/wp-content\/uploads\/2025\/02\/o_1740254925-768x512.jpg 768w, https:\/\/impactodenoticias.com.ar\/wp-content\/uploads\/2025\/02\/o_1740254925.jpg 1200w\" sizes=\"auto, (max-width: 1024px) 100vw, 1024px\" \/><\/figure>\n\n\n\n<p><\/p>\n\n\n\n<p>Tras las primeras palabras, se proyectaron una serie de videos, en los que se presentaba un homenaje a Hebe de Bonafini; un segmento de un discurso de la expresidenta resaltando a Urribarri; y tres testimonios de personas que hablaron bien de su figura y su gesti\u00f3n. Esos testimonios fueron los de los periodistas Daniel Tognetti, Alejandro Apo y V\u00edctor Hugo Morales. Cada uno de los videos organiz\u00f3 el hilo de la reuni\u00f3n hablando de los ejes de gesti\u00f3n que Urribarri utiliz\u00f3 para sintetizar los motivos de lo que se\u00f1al\u00f3 como \u201cla persecuci\u00f3n pol\u00edtica\u201d de la ser\u00eda v\u00edctima.<\/p>\n\n\n\n<p>Los hitos de gesti\u00f3n que organizaron la narraci\u00f3n fueron la defensa de los Derechos Humanos; su rol en la disputa por la resoluci\u00f3n 125; su iniciativa en la pol\u00edtica de F\u00fatbol Para Todos; y su intermediaci\u00f3n en la designaci\u00f3n de Miguel Galluccio, al frente de YPF.<\/p>\n\n\n\n<p>\u201cPor esos temas me gan\u00e9 enemigos. Pero mi familia me puede mirar a la cara y puedo caminar tranquilo por la calle. No s\u00e9 cu\u00e1ntos podr\u00e1n hacerlo hoy y menos aquellos que convirtieron al peronismo en lo que es hoy: la nada misma\u201d, remarc\u00f3 Urribarri.<\/p>\n\n\n\n<p>Finalizando, dej\u00f3 en claro que piensa en las pr\u00f3ximas elecciones. Incluso concluy\u00f3 el acto advirtiendo que el espacio que \u00e9l convoca \u201cno se puede quedar sentado\u201d, ante \u201clo que nos acostumbraron a hacer, que es agachar la cabeza y perder elecciones\u201d.<\/p>\n\n\n\n<p>En ese marco convoc\u00f3 a \u201crecuperar lo que fuimos, que es ser los que incomodamos\u201d y para eso, inst\u00f3, \u201ctenemos que salir de este peronismo y encontrar un \u00e1mbito para formar j\u00f3venes y actualizar a los que peinamos canas. Ese \u00e1mbito tiene que estar, en Concordia\u201d, concluy\u00f3.<\/p>\n","protected":false},"excerpt":{"rendered":"<p>En la convocatoria que hizo este s&aacute;bado, en el Club San Mart&iacute;n de Concordia, el ex gobernador de Entre R&iacute;os critic&oacute; duramente a la dirigencia del PJ, por presentar &ldquo;un peronismo con miedo, y del s&aacute;lvese quien pueda&rdquo;. El exgobernador arrib&oacute; a la sede del club alrededor de las 11.30, acompa&ntilde;ado por su hijo Mauro [&hellip;]<\/p>\n","protected":false},"author":2,"featured_media":11617,"comment_status":"open","ping_status":"open","sticky":false,"template":"","format":"standard","meta":{"footnotes":""},"categories":[11,4],"tags":[884,4582,72,1500],"class_list":["post-11615","post","type-post","status-publish","format-standard","has-post-thumbnail","hentry","category-politica","category-provinciales","tag-acto","tag-club-san-martin","tag-concordia","tag-sergio-urribarri"],"_links":{"self":[{"href":"https:\/\/impactodenoticias.com.ar\/index.php?rest_route=\/wp\/v2\/posts\/11615","targetHints":{"allow":["GET"]}}],"collection":[{"href":"https:\/\/impactodenoticias.com.ar\/index.php?rest_route=\/wp\/v2\/posts"}],"about":[{"href":"https:\/\/impactodenoticias.com.ar\/index.php?rest_route=\/wp\/v2\/types\/post"}],"author":[{"embeddable":true,"href":"https:\/\/impactodenoticias.com.ar\/index.php?rest_route=\/wp\/v2\/users\/2"}],"replies":[{"embeddable":true,"href":"https:\/\/impactodenoticias.com.ar\/index.php?rest_route=%2Fwp%2Fv2%2Fcomments&post=11615"}],"version-history":[{"count":1,"href":"https:\/\/impactodenoticias.com.ar\/index.php?rest_route=\/wp\/v2\/posts\/11615\/revisions"}],"predecessor-version":[{"id":11618,"href":"https:\/\/impactodenoticias.com.ar\/index.php?rest_route=\/wp\/v2\/posts\/11615\/revisions\/11618"}],"wp:featuredmedia":[{"embeddable":true,"href":"https:\/\/impactodenoticias.com.ar\/index.php?rest_route=\/wp\/v2\/media\/11617"}],"wp:attachment":[{"href":"https:\/\/impactodenoticias.com.ar\/index.php?rest_route=%2Fwp%2Fv2%2Fmedia&parent=11615"}],"wp:term":[{"taxonomy":"category","embeddable":true,"href":"https:\/\/impactodenoticias.com.ar\/index.php?rest_route=%2Fwp%2Fv2%2Fcategories&post=11615"},{"taxonomy":"post_tag","embeddable":true,"href":"https:\/\/impactodenoticias.com.ar\/index.php?rest_route=%2Fwp%2Fv2%2Ftags&post=11615"}],"curies":[{"name":"wp","href":"https:\/\/api.w.org\/{rel}","templated":true}]}}