{"id":11630,"date":"2025-02-24T08:38:47","date_gmt":"2025-02-24T11:38:47","guid":{"rendered":"https:\/\/impactodenoticias.com.ar\/?p=11630"},"modified":"2025-02-25T12:19:25","modified_gmt":"2025-02-25T15:19:25","slug":"clima-en-entre-rios-alerta-rojo-por-temperaturas-extrema-en-cinco-departamentos","status":"publish","type":"post","link":"https:\/\/impactodenoticias.com.ar\/?p=11630","title":{"rendered":"Clima en Entre R\u00edos: alerta rojo por temperaturas extremas en cinco departamentos"},"content":{"rendered":"\n<p class=\"has-medium-font-size\"><strong>El alerta rojo es para Paran\u00e1, La Paz, Villaguay, Diamante y Nogoy\u00e1, mientras que en Federal, Feliciano, Federaci\u00f3n, Concordia y San Salvador se mantiene en alerta amarillo seg\u00fan inform\u00f3 el Servicio Meteorol\u00f3gico Nacional (SMN).<\/strong><\/p>\n\n\n\n<p><\/p>\n\n\n\n<figure class=\"wp-block-image size-full\"><img loading=\"lazy\" decoding=\"async\" width=\"472\" height=\"800\" src=\"https:\/\/impactodenoticias.com.ar\/wp-content\/uploads\/2025\/02\/mapa_temp_extremas-5.png\" alt=\"\" class=\"wp-image-11631\" srcset=\"https:\/\/impactodenoticias.com.ar\/wp-content\/uploads\/2025\/02\/mapa_temp_extremas-5.png 472w, https:\/\/impactodenoticias.com.ar\/wp-content\/uploads\/2025\/02\/mapa_temp_extremas-5-177x300.png 177w\" sizes=\"auto, (max-width: 472px) 100vw, 472px\" \/><\/figure>\n\n\n\n<p><\/p>\n\n\n\n<p>La zona afectada por alerta roja registrar\u00e1 temperaturas que pueden ser muy peligrosas y afectar a todas las personas. Las temperaturas m\u00e1ximas y m\u00ednimas ascienden en forma simult\u00e1nea.<\/p>\n\n\n\n<p>Para el lunes 24 de febrero, se pronostica temperaturas elevadas con posibles registros m\u00e1ximos entre 38\u00b0 y 42\u00b0C y m\u00ednimos entre 26\u00ba y 28 \u00b0C. El martes 25 se prev\u00e9 que las temperaturas comiencen a descender.<\/p>\n\n\n\n<p class=\"has-medium-font-size\"><strong>Las recomendaciones ante las altas temperaturas<\/strong><\/p>\n\n\n\n<p>Prestar especial atenci\u00f3n a los s\u00edntomas y consultar al establecimiento de salud m\u00e1s cercano. El agotamiento por calor se manifiesta ante sudoraci\u00f3n excesiva, piel p\u00e1lida y fresca, sensaci\u00f3n de calor sofocante, sed intensa y sequedad en la boca, cansancio o debilidad, dolor de est\u00f3mago y cabeza, n\u00e1useas o v\u00f3mitos, mareos o desmayo y calambres musculares. El golpe de calor es reconocible por un dolor palpitante de cabeza, la piel roja (caliente y seca), el v\u00e9rtigo, los mareos y confusi\u00f3n, entre otros.<\/p>\n\n\n\n<p>Evitar exponerse al sol entre las 10 y las 16, horario en que los rayos solares son m\u00e1s directos y es mayor el riesgo de causar da\u00f1os y quemaduras en la piel.<\/p>\n\n\n\n<p>Mantenerse hidratado y evitar las comidas pesadas, beber abundante agua regularmente, incluso sin tener sed.<\/p>\n\n\n\n<p>Evitar las actividades f\u00edsicas intensas, realizarlas en las horas m\u00e1s frescas del d\u00eda.<\/p>\n\n\n\n<p>Utilizar ropa ligera y de colores claros, favorece la ventilaci\u00f3n y protege de los rayos solares.<\/p>\n\n\n\n<p>Buscar lugares frescos. Permanecer en ambientes ventilados o acondicionados.<\/p>\n\n\n\n<p>Prestar especial atenci\u00f3n a los grupos de riesgo, personas mayores, ni\u00f1os y enfermos cr\u00f3nicos. Ofrecerles agua de manera frecuente y no interrumpir la lactancia materna.<\/p>\n","protected":false},"excerpt":{"rendered":"<p>El alerta rojo es para Paran&aacute;, La Paz, Villaguay, Diamante y Nogoy&aacute;, mientras que en Federal, Feliciano, Federaci&oacute;n, Concordia y San Salvador se mantiene en alerta amarillo seg&uacute;n inform&oacute; el Servicio Meteorol&oacute;gico Nacional (SMN). La zona afectada por alerta roja registrar&aacute; temperaturas que pueden ser muy peligrosas y afectar a todas las personas. Las temperaturas [&hellip;]<\/p>\n","protected":false},"author":2,"featured_media":11632,"comment_status":"open","ping_status":"open","sticky":false,"template":"","format":"standard","meta":{"footnotes":""},"categories":[4,49],"tags":[38,33],"class_list":["post-11630","post","type-post","status-publish","format-standard","has-post-thumbnail","hentry","category-provinciales","category-sociedad","tag-clima","tag-entre-rios"],"_links":{"self":[{"href":"https:\/\/impactodenoticias.com.ar\/index.php?rest_route=\/wp\/v2\/posts\/11630","targetHints":{"allow":["GET"]}}],"collection":[{"href":"https:\/\/impactodenoticias.com.ar\/index.php?rest_route=\/wp\/v2\/posts"}],"about":[{"href":"https:\/\/impactodenoticias.com.ar\/index.php?rest_route=\/wp\/v2\/types\/post"}],"author":[{"embeddable":true,"href":"https:\/\/impactodenoticias.com.ar\/index.php?rest_route=\/wp\/v2\/users\/2"}],"replies":[{"embeddable":true,"href":"https:\/\/impactodenoticias.com.ar\/index.php?rest_route=%2Fwp%2Fv2%2Fcomments&post=11630"}],"version-history":[{"count":2,"href":"https:\/\/impactodenoticias.com.ar\/index.php?rest_route=\/wp\/v2\/posts\/11630\/revisions"}],"predecessor-version":[{"id":11641,"href":"https:\/\/impactodenoticias.com.ar\/index.php?rest_route=\/wp\/v2\/posts\/11630\/revisions\/11641"}],"wp:featuredmedia":[{"embeddable":true,"href":"https:\/\/impactodenoticias.com.ar\/index.php?rest_route=\/wp\/v2\/media\/11632"}],"wp:attachment":[{"href":"https:\/\/impactodenoticias.com.ar\/index.php?rest_route=%2Fwp%2Fv2%2Fmedia&parent=11630"}],"wp:term":[{"taxonomy":"category","embeddable":true,"href":"https:\/\/impactodenoticias.com.ar\/index.php?rest_route=%2Fwp%2Fv2%2Fcategories&post=11630"},{"taxonomy":"post_tag","embeddable":true,"href":"https:\/\/impactodenoticias.com.ar\/index.php?rest_route=%2Fwp%2Fv2%2Ftags&post=11630"}],"curies":[{"name":"wp","href":"https:\/\/api.w.org\/{rel}","templated":true}]}}