{"id":11655,"date":"2025-02-24T10:08:37","date_gmt":"2025-02-24T13:08:37","guid":{"rendered":"https:\/\/impactodenoticias.com.ar\/?p=11655"},"modified":"2025-02-25T12:19:01","modified_gmt":"2025-02-25T15:19:01","slug":"organizan-actividades-para-el-7-y-8m-en-parana","status":"publish","type":"post","link":"https:\/\/impactodenoticias.com.ar\/?p=11655","title":{"rendered":"Organizan actividades para el 7 y 8M en Paran\u00e1"},"content":{"rendered":"\n<h2 class=\"wp-block-heading\">La Asamblea de Mujeres, Lesbianas, Travestis, Trans y No Binaries (MLTTNB) de Paran\u00e1, ha definido dos jornadas de lucha a realizarse en marzo, en el marco del D\u00eda de la Visibilidad L\u00e9sbica y el D\u00eda Internacional de las Mujeres Trabajadoras.<\/h2>\n\n\n\n<p>Las actividades, organizadas en conjunto con la Asamblea Antifascista, les organizadores de la Marcha del Orgullo y diversos gremios y sindicatos, incluir\u00e1n expresiones art\u00edsticas, intervenciones callejeras y una marcha.<\/p>\n\n\n\n<p class=\"has-medium-font-size\"><strong>7 de marzo: Noche de las Tortas<\/strong><\/p>\n\n\n\n<p>Desde la tarde, la plaza Alvear ser\u00e1 el punto de encuentro para la \u00abNoche de las Tortas\u00bb, una jornada de visibilizaci\u00f3n y denuncia sobre la violencia ejercida contra las lesbianas. Habr\u00e1 intervenciones art\u00edsticas abiertas a la comunidad, con el objetivo de generar conciencia y promover el debate.<\/p>\n\n\n\n<p class=\"has-medium-font-size\"><strong>8 de marzo: Paro activo y marcha<\/strong><\/p>\n\n\n\n<p>El 8M comenzar\u00e1 con un paro activo y una marcha que partir\u00e1 desde la plaza Primero de Mayo y culminar\u00e1 en la plaza Mansilla. All\u00ed se leer\u00e1 el documento elaborado colectivamente por las organizaciones convocantes. Adem\u00e1s, se llevar\u00e1n a cabo diversas expresiones art\u00edsticas para reforzar el mensaje de la jornada.<\/p>\n\n\n\n<p class=\"has-medium-font-size\"><strong>Organizaci\u00f3n y convocatoria<\/strong><\/p>\n\n\n\n<p>Se inform\u00f3 que para la planificaci\u00f3n de estas actividades, se han conformado grupos de trabajo encargados de la redacci\u00f3n del documento, log\u00edstica y seguridad, articulaci\u00f3n con otros espacios pol\u00edticos, comunicaci\u00f3n e intervenciones culturales.<\/p>\n\n\n\n<p>La pr\u00f3xima reuni\u00f3n organizativa ser\u00e1 el jueves 27 de febrero a las 19, con el lugar a\u00fan por definir. Se invita a todas las personas interesadas en participar y sumar su aporte.<\/p>\n","protected":false},"excerpt":{"rendered":"<p>La Asamblea de Mujeres, Lesbianas, Travestis, Trans y No Binaries (MLTTNB) de Paran&aacute;, ha definido dos jornadas de lucha a realizarse en marzo, en el marco del D&iacute;a de la Visibilidad L&eacute;sbica y el D&iacute;a Internacional de las Mujeres Trabajadoras. Las actividades, organizadas en conjunto con la Asamblea Antifascista, les organizadores de la Marcha del [&hellip;]<\/p>\n","protected":false},"author":2,"featured_media":11657,"comment_status":"open","ping_status":"open","sticky":false,"template":"","format":"standard","meta":{"footnotes":""},"categories":[11,4,49],"tags":[4594,334,2477,4598,4595,4596,1079,4599,4597],"class_list":["post-11655","post","type-post","status-publish","format-standard","has-post-thumbnail","hentry","category-politica","category-provinciales","category-sociedad","tag-actividades","tag-dia","tag-internacional","tag-lesbica","tag-marzo","tag-mlttnb","tag-mujeres","tag-trabajadoras","tag-visibilidad"],"_links":{"self":[{"href":"https:\/\/impactodenoticias.com.ar\/index.php?rest_route=\/wp\/v2\/posts\/11655","targetHints":{"allow":["GET"]}}],"collection":[{"href":"https:\/\/impactodenoticias.com.ar\/index.php?rest_route=\/wp\/v2\/posts"}],"about":[{"href":"https:\/\/impactodenoticias.com.ar\/index.php?rest_route=\/wp\/v2\/types\/post"}],"author":[{"embeddable":true,"href":"https:\/\/impactodenoticias.com.ar\/index.php?rest_route=\/wp\/v2\/users\/2"}],"replies":[{"embeddable":true,"href":"https:\/\/impactodenoticias.com.ar\/index.php?rest_route=%2Fwp%2Fv2%2Fcomments&post=11655"}],"version-history":[{"count":1,"href":"https:\/\/impactodenoticias.com.ar\/index.php?rest_route=\/wp\/v2\/posts\/11655\/revisions"}],"predecessor-version":[{"id":11658,"href":"https:\/\/impactodenoticias.com.ar\/index.php?rest_route=\/wp\/v2\/posts\/11655\/revisions\/11658"}],"wp:featuredmedia":[{"embeddable":true,"href":"https:\/\/impactodenoticias.com.ar\/index.php?rest_route=\/wp\/v2\/media\/11657"}],"wp:attachment":[{"href":"https:\/\/impactodenoticias.com.ar\/index.php?rest_route=%2Fwp%2Fv2%2Fmedia&parent=11655"}],"wp:term":[{"taxonomy":"category","embeddable":true,"href":"https:\/\/impactodenoticias.com.ar\/index.php?rest_route=%2Fwp%2Fv2%2Fcategories&post=11655"},{"taxonomy":"post_tag","embeddable":true,"href":"https:\/\/impactodenoticias.com.ar\/index.php?rest_route=%2Fwp%2Fv2%2Ftags&post=11655"}],"curies":[{"name":"wp","href":"https:\/\/api.w.org\/{rel}","templated":true}]}}