{"id":11659,"date":"2025-02-24T10:11:59","date_gmt":"2025-02-24T13:11:59","guid":{"rendered":"https:\/\/impactodenoticias.com.ar\/?p=11659"},"modified":"2025-02-24T10:11:59","modified_gmt":"2025-02-24T13:11:59","slug":"la-municipalidad-de-parana-sumara-un-nuevo-espacio-publico-para-los-vecinos-en-pronunciamiento-y-san-martin","status":"publish","type":"post","link":"https:\/\/impactodenoticias.com.ar\/?p=11659","title":{"rendered":"La Municipalidad de Paran\u00e1 sumar\u00e1 un nuevo espacio p\u00fablico para los vecinos en Pronunciamiento y San Mart\u00edn"},"content":{"rendered":"\n<h2 class=\"wp-block-heading\">Estar\u00e1 destinado al disfrute al aire libre, la recreaci\u00f3n y la cultura. Se abrieron los sobres para la obra y cinco empresas presentaron ofertas.<\/h2>\n\n\n\n<p>\u00abEsta obra va a sumar un espacio p\u00fablico nuevo al lugar, con un car\u00e1cter tambi\u00e9n cultural, en una zona donde ya hay inversi\u00f3n privada vinculada al sector, generando la idea de un nuevo distrito y promoviendo m\u00e1s actividades\u201d, destac\u00f3 el secretario de Planificaci\u00f3n e Infraestructura, Eduardo Lor\u00e9fice.<\/p>\n\n\n\n<p class=\"has-medium-font-size\"><strong>Detalles<\/strong><\/p>\n\n\n\n<p>El proyecto implica la reconfiguraci\u00f3n del espacio p\u00fablico con la propuesta de la nueva plaza, que estar\u00e1 ubicada en la intersecci\u00f3n de calles Pronunciamiento, Av. Ej\u00e9rcito y San Mart\u00edn. Tiene una superficie de 4.800 m2. Ser\u00e1 un vinculador de actividades recreativas, culturales, sociales, deportivas y contemplativas de la naturaleza.<\/p>\n\n\n\n<p>Tendr\u00e1 \u00e1rea de juegos infantiles accesible e integrador, una zona de estar y permanencia con mobiliario, sector de actividades deportivas, bebederos, bancos, cestos de basura, bicicletero, bancos con mesas para ajedrez y livings.<\/p>\n\n\n\n<p>La obra busca mejorar la accesibilidad e integraci\u00f3n urbana, con se\u00f1al\u00e9tica, veredas y solados de hormig\u00f3n, adoqu\u00edn y piso de caucho, zonas verdes y rampas. Tiene un plazo de ejecuci\u00f3n de 150 d\u00edas.<\/p>\n\n\n\n<p>El pasado jueves, la Municipalidad realiz\u00f3 la apertura de una nueva arteria, donde se emplazar\u00e1 el lugar de esparcimiento y recreaci\u00f3n.<\/p>\n\n\n\n<p><\/p>\n\n\n\n<figure class=\"wp-block-embed is-type-video is-provider-youtube wp-block-embed-youtube wp-embed-aspect-16-9 wp-has-aspect-ratio\"><div class=\"wp-block-embed__wrapper\">\n<iframe loading=\"lazy\" title=\"La Municipalidad sumar\u00e1 un nuevo espacio p\u00fablico para los vecinos en Pronunciamiento y San Mart\u00edn\" width=\"640\" height=\"360\" src=\"https:\/\/www.youtube.com\/embed\/JteswM2aMxk?feature=oembed\" frameborder=\"0\" allow=\"accelerometer; autoplay; clipboard-write; encrypted-media; gyroscope; picture-in-picture; web-share\" referrerpolicy=\"strict-origin-when-cross-origin\" allowfullscreen><\/iframe>\n<\/div><\/figure>\n\n\n\n<p><\/p>\n","protected":false},"excerpt":{"rendered":"<p>Estar&aacute; destinado al disfrute al aire libre, la recreaci&oacute;n y la cultura. Se abrieron los sobres para la obra y cinco empresas presentaron ofertas. &laquo;Esta obra va a sumar un espacio p&uacute;blico nuevo al lugar, con un car&aacute;cter tambi&eacute;n cultural, en una zona donde ya hay inversi&oacute;n privada vinculada al sector, generando la idea de [&hellip;]<\/p>\n","protected":false},"author":2,"featured_media":11660,"comment_status":"open","ping_status":"open","sticky":false,"template":"","format":"standard","meta":{"footnotes":""},"categories":[3,1902,49],"tags":[2604,102,1545,95,4572,1077],"class_list":["post-11659","post","type-post","status-publish","format-standard","has-post-thumbnail","hentry","category-locales","category-municipales","category-sociedad","tag-espacio","tag-municipalidad","tag-nuevo","tag-parana","tag-pronunciamiento","tag-san-martin"],"_links":{"self":[{"href":"https:\/\/impactodenoticias.com.ar\/index.php?rest_route=\/wp\/v2\/posts\/11659","targetHints":{"allow":["GET"]}}],"collection":[{"href":"https:\/\/impactodenoticias.com.ar\/index.php?rest_route=\/wp\/v2\/posts"}],"about":[{"href":"https:\/\/impactodenoticias.com.ar\/index.php?rest_route=\/wp\/v2\/types\/post"}],"author":[{"embeddable":true,"href":"https:\/\/impactodenoticias.com.ar\/index.php?rest_route=\/wp\/v2\/users\/2"}],"replies":[{"embeddable":true,"href":"https:\/\/impactodenoticias.com.ar\/index.php?rest_route=%2Fwp%2Fv2%2Fcomments&post=11659"}],"version-history":[{"count":1,"href":"https:\/\/impactodenoticias.com.ar\/index.php?rest_route=\/wp\/v2\/posts\/11659\/revisions"}],"predecessor-version":[{"id":11661,"href":"https:\/\/impactodenoticias.com.ar\/index.php?rest_route=\/wp\/v2\/posts\/11659\/revisions\/11661"}],"wp:featuredmedia":[{"embeddable":true,"href":"https:\/\/impactodenoticias.com.ar\/index.php?rest_route=\/wp\/v2\/media\/11660"}],"wp:attachment":[{"href":"https:\/\/impactodenoticias.com.ar\/index.php?rest_route=%2Fwp%2Fv2%2Fmedia&parent=11659"}],"wp:term":[{"taxonomy":"category","embeddable":true,"href":"https:\/\/impactodenoticias.com.ar\/index.php?rest_route=%2Fwp%2Fv2%2Fcategories&post=11659"},{"taxonomy":"post_tag","embeddable":true,"href":"https:\/\/impactodenoticias.com.ar\/index.php?rest_route=%2Fwp%2Fv2%2Ftags&post=11659"}],"curies":[{"name":"wp","href":"https:\/\/api.w.org\/{rel}","templated":true}]}}