{"id":11665,"date":"2025-02-24T10:57:52","date_gmt":"2025-02-24T13:57:52","guid":{"rendered":"https:\/\/impactodenoticias.com.ar\/?p=11665"},"modified":"2025-02-25T12:18:52","modified_gmt":"2025-02-25T15:18:52","slug":"con-criticas-a-los-gremios-frigerio-dio-inicio-el-ciclo-lectivo-2025","status":"publish","type":"post","link":"https:\/\/impactodenoticias.com.ar\/?p=11665","title":{"rendered":"Con cr\u00edticas a los gremios: Frigerio dio inicio el ciclo lectivo 2025"},"content":{"rendered":"\n<h2 class=\"wp-block-heading\">Este lunes por la ma\u00f1ana, el gobernador Rogelio Frigerio dio inicio al ciclo lectivo 2025 en un acto realizado en la Escuela N\u00b0 46 Helena L. de Roffo, ubicada en la localidad de Los Charr\u00faas, en el departamento Concordia.<\/h2>\n\n\n\n<p>En su discurso, el gobernador subray\u00f3 las acciones emprendidas por su gesti\u00f3n en beneficio de la educaci\u00f3n, como el ambicioso plan de infraestructura escolar, las mejoras salariales para los docentes y la implementaci\u00f3n del boleto estudiantil gratuito. Tambi\u00e9n dej\u00f3 en claro su posici\u00f3n frente al paro nacional convocado por la Confederaci\u00f3n de Trabajadores de la Educaci\u00f3n de la Rep\u00fablica Argentina (Ctera) y ponder\u00f3 los avances en la gesti\u00f3n educativa.<\/p>\n\n\n\n<p>\u00abCada inicio de clases es una nueva oportunidad que se abre. Lo que ustedes hacen en estas aulas es determinante para nuestro futuro como sociedad. Apenas llegamos al gobierno lo prioritario fue salir a arreglar las aulas, porque much\u00edsimas estaban en una situaci\u00f3n cr\u00edtica y as\u00ed no se pod\u00eda dar clase. Trabajamos contrarreloj para que esas escuelas est\u00e9n en condiciones de iniciar el ciclo lectivo\u00bb, comenz\u00f3 su alocuci\u00f3n.<\/p>\n\n\n\n<p>Luego destac\u00f3 las mejoras edilicias a trav\u00e9s de un plan de infraestructura escolar: \u00abYa intervenimos cerca de 150 escuelas e invertimos cerca de 4 mil millones para reparar escuelas\u00bb, apunt\u00f3.<\/p>\n\n\n\n<p>El gobernador tambi\u00e9n hizo referencia a la negociaci\u00f3n salarial con los gremios docentes. En ese punto, lanz\u00f3 cr\u00edticas a las c\u00fapulas sindicales. \u00abDurante muchos a\u00f1os la discusi\u00f3n sobre la educaci\u00f3n se limit\u00f3 a la cuesti\u00f3n salarial y eso hizo que un pu\u00f1ado de personas que hace d\u00e9cadas que no est\u00e1n en las aulas decidan si los alumnos van o no a clases. Por eso, desde que llegamos entablamos un di\u00e1logo serio y sincero con los gremios docentes. Fuimos a cada negociaci\u00f3n salarial con la verdad y responsabilidad porque la peor promesa es la que no se puede cumplir\u00bb, destac\u00f3.<\/p>\n\n\n\n<p>En esa l\u00ednea, puso en valor las mejoras salariales que otorg\u00f3 el gobierno en el marco de \u00abla peor crisis del pa\u00eds\u00bb. \u00abDimos aumentos por encima de la inflaci\u00f3n y cambiamos cuatro veces la base de c\u00e1lculo, algo que los gobiernos anteriores rara vez hac\u00eda. Nos hicimos cargo del Fonid y Conectividad que dej\u00f3 de pagar Naci\u00f3n. Terminamos con problemas hist\u00f3ricos, como la compensaci\u00f3n por traslado. Implementamos una nueva forma de c\u00e1lculo atada al aumento de los combustibles y empezamos a pagar los kil\u00f3metros recorridos para llegar al aula\u00bb, indic\u00f3.<\/p>\n\n\n\n<p>Finalizando, se\u00f1al\u00f3 que buscar\u00e1 extender a toda la provincia el boleto estudiantil gratuito. \u00abEmpezamos por el \u00e1rea metropolitana de Paran\u00e1 y lo vamos a extender a toda la provincia. Garantizamos el 100% del colectivo a los alumnos de primaria y secundaria; y un 70% a los estudiantes del nivel superior. Vamos a universalizar el desayuno en los comedores escolares asegurando que cada alumno tenga la misma calidad de desayuno\u00bb, cerr\u00f3.<\/p>\n","protected":false},"excerpt":{"rendered":"<p>Este lunes por la ma&ntilde;ana, el gobernador Rogelio Frigerio dio inicio al ciclo lectivo 2025 en un acto realizado en la Escuela N&deg; 46 Helena L. de Roffo, ubicada en la localidad de Los Charr&uacute;as, en el departamento Concordia. En su discurso, el gobernador subray&oacute; las acciones emprendidas por su gesti&oacute;n en beneficio de la [&hellip;]<\/p>\n","protected":false},"author":2,"featured_media":11666,"comment_status":"open","ping_status":"open","sticky":false,"template":"","format":"standard","meta":{"footnotes":""},"categories":[91,11,4],"tags":[616,3913,72,47,902,671,4601,4237,39],"class_list":["post-11665","post","type-post","status-publish","format-standard","has-post-thumbnail","hentry","category-gremiales","category-politica","category-provinciales","tag-616","tag-ciclo","tag-concordia","tag-criticas","tag-gremios","tag-inicio","tag-lectivo","tag-los-charruas","tag-rogelio-frigerio"],"_links":{"self":[{"href":"https:\/\/impactodenoticias.com.ar\/index.php?rest_route=\/wp\/v2\/posts\/11665","targetHints":{"allow":["GET"]}}],"collection":[{"href":"https:\/\/impactodenoticias.com.ar\/index.php?rest_route=\/wp\/v2\/posts"}],"about":[{"href":"https:\/\/impactodenoticias.com.ar\/index.php?rest_route=\/wp\/v2\/types\/post"}],"author":[{"embeddable":true,"href":"https:\/\/impactodenoticias.com.ar\/index.php?rest_route=\/wp\/v2\/users\/2"}],"replies":[{"embeddable":true,"href":"https:\/\/impactodenoticias.com.ar\/index.php?rest_route=%2Fwp%2Fv2%2Fcomments&post=11665"}],"version-history":[{"count":1,"href":"https:\/\/impactodenoticias.com.ar\/index.php?rest_route=\/wp\/v2\/posts\/11665\/revisions"}],"predecessor-version":[{"id":11667,"href":"https:\/\/impactodenoticias.com.ar\/index.php?rest_route=\/wp\/v2\/posts\/11665\/revisions\/11667"}],"wp:featuredmedia":[{"embeddable":true,"href":"https:\/\/impactodenoticias.com.ar\/index.php?rest_route=\/wp\/v2\/media\/11666"}],"wp:attachment":[{"href":"https:\/\/impactodenoticias.com.ar\/index.php?rest_route=%2Fwp%2Fv2%2Fmedia&parent=11665"}],"wp:term":[{"taxonomy":"category","embeddable":true,"href":"https:\/\/impactodenoticias.com.ar\/index.php?rest_route=%2Fwp%2Fv2%2Fcategories&post=11665"},{"taxonomy":"post_tag","embeddable":true,"href":"https:\/\/impactodenoticias.com.ar\/index.php?rest_route=%2Fwp%2Fv2%2Ftags&post=11665"}],"curies":[{"name":"wp","href":"https:\/\/api.w.org\/{rel}","templated":true}]}}