{"id":11725,"date":"2025-02-25T17:28:57","date_gmt":"2025-02-25T20:28:57","guid":{"rendered":"https:\/\/impactodenoticias.com.ar\/?p=11725"},"modified":"2025-02-26T10:52:07","modified_gmt":"2025-02-26T13:52:07","slug":"sin-entrerrianos-el-partido-justicilista-renovo-su-consejo-nacional-federal","status":"publish","type":"post","link":"https:\/\/impactodenoticias.com.ar\/?p=11725","title":{"rendered":"Sin entrerrianos: el Partido Justicilista renov\u00f3 su Consejo Nacional Federal"},"content":{"rendered":"\n<p class=\"has-medium-font-size\"><strong>Encabezado por Cristina Kirchner, este lunes el PJ realiz\u00f3 su primera reuni\u00f3n del Consejo Nacional y se reorganiz\u00f3 el partido, No hay representantes de la provincia de Entre R\u00edos en ninguna de las secretar\u00edas.<\/strong><\/p>\n\n\n\n<p>En el marco del 79 aniversario del triunfo del General Juan Domingo Per\u00f3n en las elecciones presidenciales de 1946, el Partido Justicialista llev\u00f3 a cabo la primera reuni\u00f3n del pleno del Consejo Nacional en su sede oficial. Durante el encuentro, se present\u00f3 el nuevo organigrama partidario, designando a los nuevos responsables de cada secretar\u00eda.<\/p>\n\n\n\n<p>Entre los nombres anunciados, se destacan figuras como Teresa Garc\u00eda en la Secretar\u00eda General, Jos\u00e9 Emilio Neder en la Secretar\u00eda de Interior, y Mayra Mendoza en la Secretar\u00eda de Organizaci\u00f3n. Un dato no pas\u00f3 desapercibido es que no hay representantes de la provincia de Entre R\u00edos en ninguna de las secretar\u00edas.<\/p>\n\n\n\n<p>El nuevo esquema del partido incluye \u00e1reas clave como la Secretar\u00eda de Innovaci\u00f3n Tecnol\u00f3gica, IA, Criptograf\u00eda y Ciberseguridad, a cargo de Ariel Sujarchuk; la Secretar\u00eda de Econom\u00eda y Producci\u00f3n, con Emiliano Estrada; y la Secretar\u00eda de Derechos Humanos, encabezada por Nora del Valle Gim\u00e9nez.<\/p>\n\n\n\n<p>La reestructuraci\u00f3n partidaria se da en un contexto de renovaci\u00f3n y reorganizaci\u00f3n del justicialismo de cara a los pr\u00f3ximos desaf\u00edos futuros electorales. A pesar de la falta de entrerrianos en la c\u00fapula partidaria, desde el PJ afirman que seguir\u00e1n trabajando en todo el territorio nacional para fortalecer la unidad del movimiento.<\/p>\n\n\n\n<p>Los dirigentes entrerrianos aguardan que su provincia tenga mayor protagonismo en futuras decisiones estrat\u00e9gicas del partido.<\/p>\n","protected":false},"excerpt":{"rendered":"<p>Encabezado por Cristina Kirchner, este lunes el PJ realiz&oacute; su primera reuni&oacute;n del Consejo Nacional y se reorganiz&oacute; el partido, No hay representantes de la provincia de Entre R&iacute;os en ninguna de las secretar&iacute;as. En el marco del 79 aniversario del triunfo del General Juan Domingo Per&oacute;n en las elecciones presidenciales de 1946, el Partido [&hellip;]<\/p>\n","protected":false},"author":2,"featured_media":11726,"comment_status":"open","ping_status":"open","sticky":false,"template":"","format":"standard","meta":{"footnotes":""},"categories":[10,11],"tags":[4626,4627,67],"class_list":["post-11725","post","type-post","status-publish","format-standard","has-post-thumbnail","hentry","category-nacionales","category-politica","tag-consejo-nacional-federal","tag-crsitina-kirchner","tag-partido-justicialista"],"_links":{"self":[{"href":"https:\/\/impactodenoticias.com.ar\/index.php?rest_route=\/wp\/v2\/posts\/11725","targetHints":{"allow":["GET"]}}],"collection":[{"href":"https:\/\/impactodenoticias.com.ar\/index.php?rest_route=\/wp\/v2\/posts"}],"about":[{"href":"https:\/\/impactodenoticias.com.ar\/index.php?rest_route=\/wp\/v2\/types\/post"}],"author":[{"embeddable":true,"href":"https:\/\/impactodenoticias.com.ar\/index.php?rest_route=\/wp\/v2\/users\/2"}],"replies":[{"embeddable":true,"href":"https:\/\/impactodenoticias.com.ar\/index.php?rest_route=%2Fwp%2Fv2%2Fcomments&post=11725"}],"version-history":[{"count":1,"href":"https:\/\/impactodenoticias.com.ar\/index.php?rest_route=\/wp\/v2\/posts\/11725\/revisions"}],"predecessor-version":[{"id":11727,"href":"https:\/\/impactodenoticias.com.ar\/index.php?rest_route=\/wp\/v2\/posts\/11725\/revisions\/11727"}],"wp:featuredmedia":[{"embeddable":true,"href":"https:\/\/impactodenoticias.com.ar\/index.php?rest_route=\/wp\/v2\/media\/11726"}],"wp:attachment":[{"href":"https:\/\/impactodenoticias.com.ar\/index.php?rest_route=%2Fwp%2Fv2%2Fmedia&parent=11725"}],"wp:term":[{"taxonomy":"category","embeddable":true,"href":"https:\/\/impactodenoticias.com.ar\/index.php?rest_route=%2Fwp%2Fv2%2Fcategories&post=11725"},{"taxonomy":"post_tag","embeddable":true,"href":"https:\/\/impactodenoticias.com.ar\/index.php?rest_route=%2Fwp%2Fv2%2Ftags&post=11725"}],"curies":[{"name":"wp","href":"https:\/\/api.w.org\/{rel}","templated":true}]}}