{"id":11731,"date":"2025-02-25T18:37:34","date_gmt":"2025-02-25T21:37:34","guid":{"rendered":"https:\/\/impactodenoticias.com.ar\/?p=11731"},"modified":"2025-02-25T19:05:22","modified_gmt":"2025-02-25T22:05:22","slug":"un-hombre-sufrio-fractura-de-craneo-en-un-ataque-que-podria-estaar-vinculado-al-narcomenudeo-en-concordia","status":"publish","type":"post","link":"https:\/\/impactodenoticias.com.ar\/?p=11731","title":{"rendered":"Un hombre sufri\u00f3 fractura de cr\u00e1neo en un ataque que podr\u00eda estar vinculado al Narcomenudeo en Concordia"},"content":{"rendered":"\n<h2 class=\"wp-block-heading\">Un hombre de 40 a\u00f1os sufri\u00f3 una fractura de cr\u00e1neo luego de un ataque con una piedra en el barrio Jos\u00e9 Hern\u00e1ndez, en un presunto conflicto vinculado al narcotr\u00e1fico.<\/h2>\n\n\n\n<p>Un hombre de 40 a\u00f1os ingres\u00f3 al hospital \u201cDelicia Concepci\u00f3n Masvernat\u201d con una importante herida en la cabeza. Una vez atendido por los profesionales del nosocomio, informaron que el hombre presentaba una fractura de cr\u00e1neo.<\/p>\n\n\n\n<p>El incidente se produjo en la intersecci\u00f3n de Ram\u00edrez y Nieves, en el barrio Jos\u00e9 Hern\u00e1ndez, zona donde se comercializar\u00eda estupefacientes. De acuerdo a fuentes cercanas al caso, la v\u00edctima se encontraba acompa\u00f1ada por dos familiares cuando fue atacada por integrantes de un clan narco.<\/p>\n\n\n\n<p>De acuerdo con los relatos de los investigadores, uno de los agresores habr\u00eda lanzado una piedra a la cabeza de la v\u00edctima, caus\u00e1ndole la grave lesi\u00f3n.<\/p>\n","protected":false},"excerpt":{"rendered":"<p>Un hombre de 40 a&ntilde;os sufri&oacute; una fractura de cr&aacute;neo luego de un ataque con una piedra en el barrio Jos&eacute; Hern&aacute;ndez, en un presunto conflicto vinculado al narcotr&aacute;fico. Un hombre de 40 a&ntilde;os ingres&oacute; al hospital &ldquo;Delicia Concepci&oacute;n Masvernat&rdquo; con una importante herida en la cabeza. Una vez atendido por los profesionales del nosocomio, [&hellip;]<\/p>\n","protected":false},"author":2,"featured_media":11732,"comment_status":"open","ping_status":"open","sticky":false,"template":"","format":"standard","meta":{"footnotes":""},"categories":[8,4],"tags":[183,1145,72,4629,4628,146,4630,1585],"class_list":["post-11731","post","type-post","status-publish","format-standard","has-post-thumbnail","hentry","category-policiales","category-provinciales","tag-ataque","tag-barrio","tag-concordia","tag-craneo","tag-fractura","tag-hombre","tag-jose-hernandez","tag-narcotrafico"],"_links":{"self":[{"href":"https:\/\/impactodenoticias.com.ar\/index.php?rest_route=\/wp\/v2\/posts\/11731","targetHints":{"allow":["GET"]}}],"collection":[{"href":"https:\/\/impactodenoticias.com.ar\/index.php?rest_route=\/wp\/v2\/posts"}],"about":[{"href":"https:\/\/impactodenoticias.com.ar\/index.php?rest_route=\/wp\/v2\/types\/post"}],"author":[{"embeddable":true,"href":"https:\/\/impactodenoticias.com.ar\/index.php?rest_route=\/wp\/v2\/users\/2"}],"replies":[{"embeddable":true,"href":"https:\/\/impactodenoticias.com.ar\/index.php?rest_route=%2Fwp%2Fv2%2Fcomments&post=11731"}],"version-history":[{"count":2,"href":"https:\/\/impactodenoticias.com.ar\/index.php?rest_route=\/wp\/v2\/posts\/11731\/revisions"}],"predecessor-version":[{"id":11737,"href":"https:\/\/impactodenoticias.com.ar\/index.php?rest_route=\/wp\/v2\/posts\/11731\/revisions\/11737"}],"wp:featuredmedia":[{"embeddable":true,"href":"https:\/\/impactodenoticias.com.ar\/index.php?rest_route=\/wp\/v2\/media\/11732"}],"wp:attachment":[{"href":"https:\/\/impactodenoticias.com.ar\/index.php?rest_route=%2Fwp%2Fv2%2Fmedia&parent=11731"}],"wp:term":[{"taxonomy":"category","embeddable":true,"href":"https:\/\/impactodenoticias.com.ar\/index.php?rest_route=%2Fwp%2Fv2%2Fcategories&post=11731"},{"taxonomy":"post_tag","embeddable":true,"href":"https:\/\/impactodenoticias.com.ar\/index.php?rest_route=%2Fwp%2Fv2%2Ftags&post=11731"}],"curies":[{"name":"wp","href":"https:\/\/api.w.org\/{rel}","templated":true}]}}