{"id":11747,"date":"2025-02-26T09:59:05","date_gmt":"2025-02-26T12:59:05","guid":{"rendered":"https:\/\/impactodenoticias.com.ar\/?p=11747"},"modified":"2025-02-26T09:59:05","modified_gmt":"2025-02-26T12:59:05","slug":"detuvieron-en-parana-a-joven-de-18-anos-en-situacion-de-calle","status":"publish","type":"post","link":"https:\/\/impactodenoticias.com.ar\/?p=11747","title":{"rendered":"Detuvieron en Paran\u00e1 a joven de 18 a\u00f1os en situaci\u00f3n de calle"},"content":{"rendered":"\n<p class=\"has-medium-font-size\"><strong>Un vecino llam\u00f3 a la Polic\u00eda cuando observ\u00f3 que el malviviente intentaba ingresar a su casa con intenciones de robar. Fue identificado y liberado horas despu\u00e9s.<\/strong><\/p>\n\n\n\n<p>La Polic\u00eda arrest\u00f3 a un joven de 18 a\u00f1os en la madrugada de este mi\u00e9rcoles tras un intento de robo en una vivienda de calle Francia y Alfonsina Storni de Paran\u00e1. Intervino el personal policial de Comisar\u00eda Doce.<\/p>\n\n\n\n<p>El propietario de una vivienda llam\u00f3 a la Polic\u00eda, ya que al llegar a su domicilio observ\u00f3 a un delincuente intentando abrir una ventana externa, quien al notar su presencia intent\u00f3 huir, sin embargo fue alcanzado a pocos metros y demorado por los efectivos policiales.<\/p>\n\n\n\n<p>El fiscal Mart\u00edn Wasinger, de la Fiscal\u00eda de Investigaciones y Litigaci\u00f3n, dispuso que el sujeto fuera alojado en la Alcaid\u00eda de Tribunales por el delito \u201ctentativa de robo en flagrancia\u201d previo a un control de antecedentes y examen m\u00e9dico en turno.<\/p>\n\n\n\n<p>El sujeto detenido, de 18 a\u00f1os, fue correctamente identificado. Se supo que se encuentra en situaci\u00f3n de calle y el damnificado proceder\u00e1 a radicar la correspondiente denuncia.<\/p>\n","protected":false},"excerpt":{"rendered":"<p>Un vecino llam&oacute; a la Polic&iacute;a cuando observ&oacute; que el malviviente intentaba ingresar a su casa con intenciones de robar. Fue identificado y liberado horas despu&eacute;s. La Polic&iacute;a arrest&oacute; a un joven de 18 a&ntilde;os en la madrugada de este mi&eacute;rcoles tras un intento de robo en una vivienda de calle Francia y Alfonsina Storni [&hellip;]<\/p>\n","protected":false},"author":2,"featured_media":11748,"comment_status":"open","ping_status":"open","sticky":false,"template":"","format":"standard","meta":{"footnotes":""},"categories":[3,8],"tags":[236,961,137,95,637],"class_list":["post-11747","post","type-post","status-publish","format-standard","has-post-thumbnail","hentry","category-locales","category-policiales","tag-calle","tag-detienen","tag-joven","tag-parana","tag-situacion"],"_links":{"self":[{"href":"https:\/\/impactodenoticias.com.ar\/index.php?rest_route=\/wp\/v2\/posts\/11747","targetHints":{"allow":["GET"]}}],"collection":[{"href":"https:\/\/impactodenoticias.com.ar\/index.php?rest_route=\/wp\/v2\/posts"}],"about":[{"href":"https:\/\/impactodenoticias.com.ar\/index.php?rest_route=\/wp\/v2\/types\/post"}],"author":[{"embeddable":true,"href":"https:\/\/impactodenoticias.com.ar\/index.php?rest_route=\/wp\/v2\/users\/2"}],"replies":[{"embeddable":true,"href":"https:\/\/impactodenoticias.com.ar\/index.php?rest_route=%2Fwp%2Fv2%2Fcomments&post=11747"}],"version-history":[{"count":1,"href":"https:\/\/impactodenoticias.com.ar\/index.php?rest_route=\/wp\/v2\/posts\/11747\/revisions"}],"predecessor-version":[{"id":11749,"href":"https:\/\/impactodenoticias.com.ar\/index.php?rest_route=\/wp\/v2\/posts\/11747\/revisions\/11749"}],"wp:featuredmedia":[{"embeddable":true,"href":"https:\/\/impactodenoticias.com.ar\/index.php?rest_route=\/wp\/v2\/media\/11748"}],"wp:attachment":[{"href":"https:\/\/impactodenoticias.com.ar\/index.php?rest_route=%2Fwp%2Fv2%2Fmedia&parent=11747"}],"wp:term":[{"taxonomy":"category","embeddable":true,"href":"https:\/\/impactodenoticias.com.ar\/index.php?rest_route=%2Fwp%2Fv2%2Fcategories&post=11747"},{"taxonomy":"post_tag","embeddable":true,"href":"https:\/\/impactodenoticias.com.ar\/index.php?rest_route=%2Fwp%2Fv2%2Ftags&post=11747"}],"curies":[{"name":"wp","href":"https:\/\/api.w.org\/{rel}","templated":true}]}}