{"id":11758,"date":"2025-02-26T16:43:50","date_gmt":"2025-02-26T19:43:50","guid":{"rendered":"https:\/\/impactodenoticias.com.ar\/?p=11758"},"modified":"2025-02-27T11:06:29","modified_gmt":"2025-02-27T14:06:29","slug":"ate-entre-rios-adhiere-al-paro-nacional-de-este-jueves","status":"publish","type":"post","link":"https:\/\/impactodenoticias.com.ar\/?p=11758","title":{"rendered":"ATE Entre R\u00edos adhiere al paro nacional de este jueves"},"content":{"rendered":"\n<h2 class=\"wp-block-heading\">La Asociaci\u00f3n de los Trabajadores del Estado (ATE), llevar\u00e1 a cabo una medida de fuerza a nivel nacional en la Administraci\u00f3n P\u00fablica para este jueves, ser\u00e1 en rechazo a la pol\u00edtica econ\u00f3mica del gobierno de Milei y en reclamo por la apertura de las paritarias en el sector.<\/h2>\n\n\n\n<p>ATE anunci\u00f3 un paro nacional para este jueves contra las medidas econ\u00f3micas del presidente, Javier Milei. La decisi\u00f3n fue tomada por unanimidad en una asamblea nacional que reuni\u00f3 a m\u00e1s de mil delegados de todo el pa\u00eds.<\/p>\n\n\n\n<p>Entre R\u00edos es una de las provincias donde se replicar\u00e1 la medida de fuerza en la que los estatales no concurrir\u00e1n a sus lugares de trabajo.<\/p>\n\n\n\n<p>Cabe se\u00f1alar que al paro adhieren en todas las reparticiones municipales y provinciales con sus propios reclamos.<\/p>\n\n\n\n<p class=\"has-medium-font-size\"><strong>Los reclamos locales<\/strong><\/p>\n\n\n\n<p>Reapertura de paritarias y el inmediato inicio de un proceso de recuperaci\u00f3n de los salarios.<\/p>\n\n\n\n<p>Recupero de la p\u00e9rdida del poder adquisitivo por la devaluaci\u00f3n e inflaci\u00f3n del 2023.<\/p>\n\n\n\n<p>Rechazo a la modificaci\u00f3n de la Ley de la Caja de Jubilaciones.<\/p>\n\n\n\n<p class=\"has-medium-font-size\"><strong>Los reclamos nacionales<\/strong><\/p>\n\n\n\n<p>A nivel nacional la entidad exige: La urgente reapertura de paritarias; el cese de los despidos de los trabajadores de los organismos; por la continuidad laboral de todos los v\u00ednculos que vencen a fines de febrero y marzo; no a la fusi\u00f3n y cierre de organismos y en contra la privatizaci\u00f3n de empresas p\u00fablicas.<\/p>\n","protected":false},"excerpt":{"rendered":"<p>La Asociaci&oacute;n de los Trabajadores del Estado (ATE), llevar&aacute; a cabo una medida de fuerza a nivel nacional en la Administraci&oacute;n P&uacute;blica para este jueves, ser&aacute; en rechazo a la pol&iacute;tica econ&oacute;mica del gobierno de Milei y en reclamo por la apertura de las paritarias en el sector. ATE anunci&oacute; un paro nacional para este [&hellip;]<\/p>\n","protected":false},"author":2,"featured_media":11759,"comment_status":"open","ping_status":"open","sticky":false,"template":"","format":"standard","meta":{"footnotes":""},"categories":[91,11,4],"tags":[4512,103,33,212,4286,1692,59],"class_list":["post-11758","post","type-post","status-publish","format-standard","has-post-thumbnail","hentry","category-gremiales","category-politica","category-provinciales","tag-adhiere","tag-ate","tag-entre-rios","tag-javier-milei","tag-jueves","tag-nacional","tag-paro"],"_links":{"self":[{"href":"https:\/\/impactodenoticias.com.ar\/index.php?rest_route=\/wp\/v2\/posts\/11758","targetHints":{"allow":["GET"]}}],"collection":[{"href":"https:\/\/impactodenoticias.com.ar\/index.php?rest_route=\/wp\/v2\/posts"}],"about":[{"href":"https:\/\/impactodenoticias.com.ar\/index.php?rest_route=\/wp\/v2\/types\/post"}],"author":[{"embeddable":true,"href":"https:\/\/impactodenoticias.com.ar\/index.php?rest_route=\/wp\/v2\/users\/2"}],"replies":[{"embeddable":true,"href":"https:\/\/impactodenoticias.com.ar\/index.php?rest_route=%2Fwp%2Fv2%2Fcomments&post=11758"}],"version-history":[{"count":1,"href":"https:\/\/impactodenoticias.com.ar\/index.php?rest_route=\/wp\/v2\/posts\/11758\/revisions"}],"predecessor-version":[{"id":11760,"href":"https:\/\/impactodenoticias.com.ar\/index.php?rest_route=\/wp\/v2\/posts\/11758\/revisions\/11760"}],"wp:featuredmedia":[{"embeddable":true,"href":"https:\/\/impactodenoticias.com.ar\/index.php?rest_route=\/wp\/v2\/media\/11759"}],"wp:attachment":[{"href":"https:\/\/impactodenoticias.com.ar\/index.php?rest_route=%2Fwp%2Fv2%2Fmedia&parent=11758"}],"wp:term":[{"taxonomy":"category","embeddable":true,"href":"https:\/\/impactodenoticias.com.ar\/index.php?rest_route=%2Fwp%2Fv2%2Fcategories&post=11758"},{"taxonomy":"post_tag","embeddable":true,"href":"https:\/\/impactodenoticias.com.ar\/index.php?rest_route=%2Fwp%2Fv2%2Ftags&post=11758"}],"curies":[{"name":"wp","href":"https:\/\/api.w.org\/{rel}","templated":true}]}}