{"id":1176,"date":"2024-07-15T10:59:47","date_gmt":"2024-07-15T13:59:47","guid":{"rendered":"https:\/\/impactodenoticias.com.ar\/?p=1176"},"modified":"2024-07-15T11:05:51","modified_gmt":"2024-07-15T14:05:51","slug":"concordia-cerca-del-70-de-la-actividad-privada-experimento-una-caida-de-sus-ventas-en-lo-que-va-del-2024","status":"publish","type":"post","link":"https:\/\/impactodenoticias.com.ar\/?p=1176","title":{"rendered":"Concordia: cerca del 70% de la actividad privada experiment\u00f3 una ca\u00edda de sus ventas en lo que va del 2024"},"content":{"rendered":"\n<p><strong>La informaci\u00f3n surge de una encuesta llevada a cabo por el Centro de Comercio, Industria y Servicios de Concordia. Entre los que creen que la situaci\u00f3n seguir\u00e1 \u201cigual\u201d o que incluso se pondr\u00e1 \u201cpeor\u201d, se llega al 50% de los encuestados.<\/strong><\/p>\n\n\n\n<p>La c\u00e1mara que nuclea a comerciantes y empresarios de la ciudad de Concordia, realiz\u00f3 un seguimiento del estado de situaci\u00f3n y perspectivas de los sectores, teniendo como eje, los primeros seis meses de 2024 y ha sido realizada de forma online, con una muestra de 104 participantes.<\/p>\n\n\n\n<p><strong>Actividad<\/strong><\/p>\n\n\n\n<p>El 50% define la condici\u00f3n actual de las operaciones de su empresa como \u201cparcialmente activa\u201d el 48,1% \u201ccompletamente activa\u201d, mientras que el 1,9% restante manifiesta que su empresa est\u00e1 \u201csin actividad\u201d.<\/p>\n\n\n\n<p>Sobre el estado de sus ventas\/operaciones comerciales, respecto al primer semestre de 2023 el 68,2% afirma tener ca\u00edda en sus ventas; el 37,5% una ca\u00edda de entre el 1 y el 25%, el 24% que su ca\u00edda fue de entre el 26 y 50% y el 6,7% registra una ca\u00edda de m\u00e1s del 50%.<\/p>\n\n\n\n<p>Solo un 19,2% declara haber tenido una mejora en sus ventas; un 11,5% afirma haber aumentado de entre el 1 y el 25%, el 5,8% respondi\u00f3 que su aumento fue de entre un 26 y 50% y el 1,9% que sus ventas aumentaron m\u00e1s de un 50% respecto al mismo per\u00edodo de 2023. El 12,5% afirma tener el mismo nivel de ventas del primer semestre del 2023.<\/p>\n\n\n\n<p>A la consulta sobre qu\u00e9 incidencia tiene en su actividad el intercambio con uruguayos, el 50% afirma que nula, el 29,8% baja y positiva, el 17,3% alta y positiva y el 2,9% alta y negativa.<\/p>\n\n\n\n<p>Consultados sobre de la venta online y su incidencia en el total de operaciones comerciales, el 56,7% de los encuestados afirma estar operando en l\u00ednea; el 37,5% dice que su incidencia es de entre el 1 y el 25%, el 9,6% que las mismas representan entre el 26 y el 50%, un 5,8% entre el 51 y el 75% del total de operaciones y un 3,8% m\u00e1s de un 76% y hasta el 100%. Un 43,3% a\u00fan no realiza operaciones en l\u00ednea.<\/p>\n\n\n\n<p><strong>Endeudamiento<\/strong><\/p>\n\n\n\n<p>En cuanto al pago de impuestos y tasas correspondientes al per\u00edodo enero\/junio de este a\u00f1o, el 74% contest\u00f3 por el pago \u00edntegro de los mismos y el 26% de los encuestados reconoci\u00f3 incumplimientos.<\/p>\n\n\n\n<p>Sobre el arrastre de deudas por impuestos o tasas del 2023, el 80,8% respondi\u00f3 por la negativa, mientras que el 19,2% restante afirma tener deudas pendientes.<\/p>\n\n\n\n<p><strong>Seguridad ciudadana<\/strong><\/p>\n\n\n\n<p>Acerca de la consulta sobre si ha sufrido hechos de inseguridad en su establecimiento durante el transcurso de \u00e9ste a\u00f1o, el 87,5% de los encuestados ha respondido que no y el 12,5% restante que s\u00ed.<\/p>\n\n\n\n<p>Respecto del an\u00e1lisis de la situaci\u00f3n de la seguridad por parte de los encuestados, el 64,4% afirma que es \u201cregular\u201d, 22,1% que la misma es \u201cbuena\u201d y s\u00f3lo el 13,5% responde que la situaci\u00f3n es \u201cmala\u201d.<\/p>\n\n\n\n<p><strong>La situaci\u00f3n laboral<\/strong><\/p>\n\n\n\n<p>Consultadas aquellas empresas que tienen personal, respecto a la conflictividad registrada en el a\u00f1o 2023, el 75% ha respondido que no ha tenido conflictos laborales en 2023, mientras que el 25% restante ha respondido positivamente.<\/p>\n\n\n\n<p>Sobre la misma pregunta, pero para los seis meses iniciales de 2024, el 92% ha respondido que no ha tenido conflictos laborales, mientras que el restante 8% si los ha sufrido.<\/p>\n\n\n\n<p><strong>Competitividad<\/strong><\/p>\n\n\n\n<p>Consultados acerca de qu\u00e9 problemas identifican como los mayores obst\u00e1culos externos para desarrollar su actividad plenamente, las respuestas fueron (en orden de elecci\u00f3n, los porcentajes son sobre el total de encuestados):<\/p>\n\n\n\n<p>1- Inflaci\u00f3n (56,7%)<br>2- Ausencia de pol\u00edticas de apoyo a pymes (53,8%)<br>3- Competencia desleal por informalidad (44,2%)<br>4- Costo de la energ\u00eda (38,5%)<br>5- Dificultad para encontrar personal capacitado (28,8%)<br>6- Burocracia estatal (24%)<br>7- Problemas de infraestructura, transporte y log\u00edstica (17,3%)<br>8- Corrupci\u00f3n (15,4%)<br>9- Tasa de inter\u00e9s (13,5%)<\/p>\n\n\n\n<p><strong>Las expectativas<\/strong><\/p>\n\n\n\n<p>Sobre las expectativas de inversi\u00f3n, el 64,4% no considera hacer inversiones en el corto plazo, el 2,9% en el pr\u00f3ximo mes, el 4,8% durante los pr\u00f3ximos 4 meses y el 27,9% prev\u00e9 realizarlas en los que resta del a\u00f1o.<\/p>\n\n\n\n<p>Por el lado del escenario m\u00e1s probable para la plantilla de personal de cara a los pr\u00f3ximos meses, el 78,8% respondi\u00f3 que no tendr\u00e1 cambios, un 11,5% que aumentar\u00e1 su plantilla y el 9,6% que reducir\u00e1 personal.<\/p>\n\n\n\n<p>Finalmente, a la consulta de c\u00f3mo imagina la situaci\u00f3n de sus operaciones comerciales y ventas durante los pr\u00f3ximos meses, el 50% ve una mejora en la situaci\u00f3n; el 45,2% \u201cmejor\u201d, el 36,5% responde \u201cigual\u201d, un 13,5% \u201cpeor\u201d y \u201cmucho mejor\u201d un 4,8%.<\/p>\n","protected":false},"excerpt":{"rendered":"<p>La informaci&oacute;n surge de una encuesta llevada a cabo por el Centro de Comercio, Industria y Servicios de Concordia. Entre los que creen que la situaci&oacute;n seguir&aacute; &ldquo;igual&rdquo; o que incluso se pondr&aacute; &ldquo;peor&rdquo;, se llega al 50% de los encuestados. La c&aacute;mara que nuclea a comerciantes y empresarios de la ciudad de Concordia, realiz&oacute; [&hellip;]<\/p>\n","protected":false},"author":2,"featured_media":1177,"comment_status":"open","ping_status":"open","sticky":false,"template":"","format":"standard","meta":{"footnotes":""},"categories":[4,49],"tags":[36,72,574],"class_list":["post-1176","post","type-post","status-publish","format-standard","has-post-thumbnail","hentry","category-provinciales","category-sociedad","tag-caida","tag-concordia","tag-ventas"],"_links":{"self":[{"href":"https:\/\/impactodenoticias.com.ar\/index.php?rest_route=\/wp\/v2\/posts\/1176","targetHints":{"allow":["GET"]}}],"collection":[{"href":"https:\/\/impactodenoticias.com.ar\/index.php?rest_route=\/wp\/v2\/posts"}],"about":[{"href":"https:\/\/impactodenoticias.com.ar\/index.php?rest_route=\/wp\/v2\/types\/post"}],"author":[{"embeddable":true,"href":"https:\/\/impactodenoticias.com.ar\/index.php?rest_route=\/wp\/v2\/users\/2"}],"replies":[{"embeddable":true,"href":"https:\/\/impactodenoticias.com.ar\/index.php?rest_route=%2Fwp%2Fv2%2Fcomments&post=1176"}],"version-history":[{"count":1,"href":"https:\/\/impactodenoticias.com.ar\/index.php?rest_route=\/wp\/v2\/posts\/1176\/revisions"}],"predecessor-version":[{"id":1178,"href":"https:\/\/impactodenoticias.com.ar\/index.php?rest_route=\/wp\/v2\/posts\/1176\/revisions\/1178"}],"wp:featuredmedia":[{"embeddable":true,"href":"https:\/\/impactodenoticias.com.ar\/index.php?rest_route=\/wp\/v2\/media\/1177"}],"wp:attachment":[{"href":"https:\/\/impactodenoticias.com.ar\/index.php?rest_route=%2Fwp%2Fv2%2Fmedia&parent=1176"}],"wp:term":[{"taxonomy":"category","embeddable":true,"href":"https:\/\/impactodenoticias.com.ar\/index.php?rest_route=%2Fwp%2Fv2%2Fcategories&post=1176"},{"taxonomy":"post_tag","embeddable":true,"href":"https:\/\/impactodenoticias.com.ar\/index.php?rest_route=%2Fwp%2Fv2%2Ftags&post=1176"}],"curies":[{"name":"wp","href":"https:\/\/api.w.org\/{rel}","templated":true}]}}