{"id":11770,"date":"2025-02-26T17:04:25","date_gmt":"2025-02-26T20:04:25","guid":{"rendered":"https:\/\/impactodenoticias.com.ar\/?p=11770"},"modified":"2025-02-26T17:04:25","modified_gmt":"2025-02-26T20:04:25","slug":"un-vehiculo-del-tipo-utilitario-volco-en-medio-de-la-lluvia-al-noroeste-de-concordia","status":"publish","type":"post","link":"https:\/\/impactodenoticias.com.ar\/?p=11770","title":{"rendered":"Un veh\u00edculo del tipo utilitario volc\u00f3 en medio de la lluvia al noroeste de Concordia"},"content":{"rendered":"\n<h2 class=\"wp-block-heading\">El accidente vial sucedi\u00f3 en las primeras horas de la tarde, en inmediaciones de la autov\u00eda Jos\u00e9 Gervasio Artigas y la Ruta 015.<\/h2>\n\n\n\n<p>Por causas que se busca establecer, una camioneta marca Mercedez Benz, modelo Sprinter, termin\u00f3 volcada sobre su lateral derecho, cuando circulaba en direcci\u00f3n de norte a sur por la autov\u00eda de la Ruta Nacional 14.<\/p>\n\n\n\n<p>La Polic\u00eda de Entre R\u00edos fue informada alredecor de las 13,30 del siniestro vial, que se produjo unos metros al sur del puente por donde pasa la ruta que conduce hacia el acceso norte de Concordia y la represa de Salto Grande.<\/p>\n\n\n\n<p>En el lugar se hizo presente un m\u00f3vil de Bomberos Zapadores, para cortar el suministro de energ\u00eda del veh\u00edculo siniestrado, ante el peligro que representaba el combustible derramado tras el vuelco.<\/p>\n\n\n\n<p>Seg\u00fan se supo de fuentes, el veh\u00edculo siniestrado pertenecer\u00eda a una distribuidora mayorista de productos para veterinarias, con domicilio en la ciudad de Paran\u00e1.<\/p>\n\n\n\n<p>Afortunadamente no se reportaron personas heridas.<\/p>\n","protected":false},"excerpt":{"rendered":"<p>El accidente vial sucedi&oacute; en las primeras horas de la tarde, en inmediaciones de la autov&iacute;a Jos&eacute; Gervasio Artigas y la Ruta 015. Por causas que se busca establecer, una camioneta marca Mercedez Benz, modelo Sprinter, termin&oacute; volcada sobre su lateral derecho, cuando circulaba en direcci&oacute;n de norte a sur por la autov&iacute;a de la [&hellip;]<\/p>\n","protected":false},"author":2,"featured_media":11771,"comment_status":"open","ping_status":"open","sticky":false,"template":"","format":"standard","meta":{"footnotes":""},"categories":[8,4],"tags":[521,72,239,336],"class_list":["post-11770","post","type-post","status-publish","format-standard","has-post-thumbnail","hentry","category-policiales","category-provinciales","tag-autovia-14","tag-concordia","tag-utilitario","tag-vuelco"],"_links":{"self":[{"href":"https:\/\/impactodenoticias.com.ar\/index.php?rest_route=\/wp\/v2\/posts\/11770","targetHints":{"allow":["GET"]}}],"collection":[{"href":"https:\/\/impactodenoticias.com.ar\/index.php?rest_route=\/wp\/v2\/posts"}],"about":[{"href":"https:\/\/impactodenoticias.com.ar\/index.php?rest_route=\/wp\/v2\/types\/post"}],"author":[{"embeddable":true,"href":"https:\/\/impactodenoticias.com.ar\/index.php?rest_route=\/wp\/v2\/users\/2"}],"replies":[{"embeddable":true,"href":"https:\/\/impactodenoticias.com.ar\/index.php?rest_route=%2Fwp%2Fv2%2Fcomments&post=11770"}],"version-history":[{"count":1,"href":"https:\/\/impactodenoticias.com.ar\/index.php?rest_route=\/wp\/v2\/posts\/11770\/revisions"}],"predecessor-version":[{"id":11772,"href":"https:\/\/impactodenoticias.com.ar\/index.php?rest_route=\/wp\/v2\/posts\/11770\/revisions\/11772"}],"wp:featuredmedia":[{"embeddable":true,"href":"https:\/\/impactodenoticias.com.ar\/index.php?rest_route=\/wp\/v2\/media\/11771"}],"wp:attachment":[{"href":"https:\/\/impactodenoticias.com.ar\/index.php?rest_route=%2Fwp%2Fv2%2Fmedia&parent=11770"}],"wp:term":[{"taxonomy":"category","embeddable":true,"href":"https:\/\/impactodenoticias.com.ar\/index.php?rest_route=%2Fwp%2Fv2%2Fcategories&post=11770"},{"taxonomy":"post_tag","embeddable":true,"href":"https:\/\/impactodenoticias.com.ar\/index.php?rest_route=%2Fwp%2Fv2%2Ftags&post=11770"}],"curies":[{"name":"wp","href":"https:\/\/api.w.org\/{rel}","templated":true}]}}