{"id":11773,"date":"2025-02-26T17:09:33","date_gmt":"2025-02-26T20:09:33","guid":{"rendered":"https:\/\/impactodenoticias.com.ar\/?p=11773"},"modified":"2025-02-26T17:09:33","modified_gmt":"2025-02-26T20:09:33","slug":"arrestaron-a-un-hombre-y-secuestraron-drogas-y-armas-en-parana","status":"publish","type":"post","link":"https:\/\/impactodenoticias.com.ar\/?p=11773","title":{"rendered":"Arrestaron a un hombre y secuestraron drogas y armas en Paran\u00e1"},"content":{"rendered":"\n<h2 class=\"wp-block-heading\">La Polic\u00eda de Entre R\u00edos llev\u00f3 a cabo allanamientos y se secuestraron adem\u00e1s, elementos utilizados para la venta de drogas, y una moto.<\/h2>\n\n\n\n<p>El operativo fue realizado por personal policial de Comisar\u00edas 17 \u00b0y 1\u00b0 este mi\u00e9rcoles. Fueron autorizados por el Juzgado de Garant\u00edas de turno a solicitud de la fiscal Patricia Yedro.<\/p>\n\n\n\n<p><\/p>\n\n\n\n<figure class=\"wp-block-gallery has-nested-images columns-default is-cropped wp-block-gallery-1 is-layout-flex wp-block-gallery-is-layout-flex\">\n<figure class=\"wp-block-image size-large\"><img loading=\"lazy\" decoding=\"async\" width=\"696\" height=\"313\" data-id=\"11775\" src=\"https:\/\/impactodenoticias.com.ar\/wp-content\/uploads\/2025\/02\/WhatsApp-Image-2025-02-26-at-12.28.25-PM.webp\" alt=\"\" class=\"wp-image-11775\" srcset=\"https:\/\/impactodenoticias.com.ar\/wp-content\/uploads\/2025\/02\/WhatsApp-Image-2025-02-26-at-12.28.25-PM.webp 696w, https:\/\/impactodenoticias.com.ar\/wp-content\/uploads\/2025\/02\/WhatsApp-Image-2025-02-26-at-12.28.25-PM-300x135.webp 300w\" sizes=\"auto, (max-width: 696px) 100vw, 696px\" \/><\/figure>\n\n\n\n<figure class=\"wp-block-image size-large\"><img loading=\"lazy\" decoding=\"async\" width=\"696\" height=\"487\" data-id=\"11774\" src=\"https:\/\/impactodenoticias.com.ar\/wp-content\/uploads\/2025\/02\/WhatsApp-Image-2025-02-26-at-12.28.25-PM-1.webp\" alt=\"\" class=\"wp-image-11774\" srcset=\"https:\/\/impactodenoticias.com.ar\/wp-content\/uploads\/2025\/02\/WhatsApp-Image-2025-02-26-at-12.28.25-PM-1.webp 696w, https:\/\/impactodenoticias.com.ar\/wp-content\/uploads\/2025\/02\/WhatsApp-Image-2025-02-26-at-12.28.25-PM-1-300x210.webp 300w\" sizes=\"auto, (max-width: 696px) 100vw, 696px\" \/><\/figure>\n<\/figure>\n\n\n\n<p><\/p>\n\n\n\n<p>En el lugar allanado se secuestraron dos armas de fuego tipo rev\u00f3lver, cartucher\u00eda, una pistolera color marr\u00f3n, envoltorios de nylon con sustancias positivo para coca\u00edna, balanza de precisi\u00f3n y una motocicleta marca Honda Modelo XR 125 CC., color blanca y negra.<\/p>\n\n\n\n<p>Como resultados de los allanamientos qued\u00f3 un hombre detenido y alojado en Alcaid\u00eda de Tribunales, informaron fuentes policiales de la Jefatura Departamental Paran\u00e1.<\/p>\n","protected":false},"excerpt":{"rendered":"<p>La Polic&iacute;a de Entre R&iacute;os llev&oacute; a cabo allanamientos y se secuestraron adem&aacute;s, elementos utilizados para la venta de drogas, y una moto. El operativo fue realizado por personal policial de Comisar&iacute;as 17 &deg;y 1&deg; este mi&eacute;rcoles. Fueron autorizados por el Juzgado de Garant&iacute;as de turno a solicitud de la fiscal Patricia Yedro. En el [&hellip;]<\/p>\n","protected":false},"author":2,"featured_media":11776,"comment_status":"open","ping_status":"open","sticky":false,"template":"","format":"standard","meta":{"footnotes":""},"categories":[3,8],"tags":[395,1028,175,412,95],"class_list":["post-11773","post","type-post","status-publish","format-standard","has-post-thumbnail","hentry","category-locales","category-policiales","tag-allanamiento","tag-armas","tag-detenido","tag-drogas","tag-parana"],"_links":{"self":[{"href":"https:\/\/impactodenoticias.com.ar\/index.php?rest_route=\/wp\/v2\/posts\/11773","targetHints":{"allow":["GET"]}}],"collection":[{"href":"https:\/\/impactodenoticias.com.ar\/index.php?rest_route=\/wp\/v2\/posts"}],"about":[{"href":"https:\/\/impactodenoticias.com.ar\/index.php?rest_route=\/wp\/v2\/types\/post"}],"author":[{"embeddable":true,"href":"https:\/\/impactodenoticias.com.ar\/index.php?rest_route=\/wp\/v2\/users\/2"}],"replies":[{"embeddable":true,"href":"https:\/\/impactodenoticias.com.ar\/index.php?rest_route=%2Fwp%2Fv2%2Fcomments&post=11773"}],"version-history":[{"count":1,"href":"https:\/\/impactodenoticias.com.ar\/index.php?rest_route=\/wp\/v2\/posts\/11773\/revisions"}],"predecessor-version":[{"id":11777,"href":"https:\/\/impactodenoticias.com.ar\/index.php?rest_route=\/wp\/v2\/posts\/11773\/revisions\/11777"}],"wp:featuredmedia":[{"embeddable":true,"href":"https:\/\/impactodenoticias.com.ar\/index.php?rest_route=\/wp\/v2\/media\/11776"}],"wp:attachment":[{"href":"https:\/\/impactodenoticias.com.ar\/index.php?rest_route=%2Fwp%2Fv2%2Fmedia&parent=11773"}],"wp:term":[{"taxonomy":"category","embeddable":true,"href":"https:\/\/impactodenoticias.com.ar\/index.php?rest_route=%2Fwp%2Fv2%2Fcategories&post=11773"},{"taxonomy":"post_tag","embeddable":true,"href":"https:\/\/impactodenoticias.com.ar\/index.php?rest_route=%2Fwp%2Fv2%2Ftags&post=11773"}],"curies":[{"name":"wp","href":"https:\/\/api.w.org\/{rel}","templated":true}]}}