{"id":11822,"date":"2025-02-27T17:39:34","date_gmt":"2025-02-27T20:39:34","guid":{"rendered":"https:\/\/impactodenoticias.com.ar\/?p=11822"},"modified":"2025-02-28T13:15:24","modified_gmt":"2025-02-28T16:15:24","slug":"cresto-presento-un-proyecto-sobre-los-fondos-de-salto-grande-que-rubricaron-lopez-laner-y-mariel-avila","status":"publish","type":"post","link":"https:\/\/impactodenoticias.com.ar\/?p=11822","title":{"rendered":"Cresto present\u00f3 un proyecto sobre los fondos de Salto Grande que rubricaron, Lopez, Laner y Mariel \u00c1vila"},"content":{"rendered":"\n<p class=\"has-medium-font-size\"><strong>Enrique Cresto (M\u00e1s para Entre R\u00edos), fue el autor de un proyecto de resoluci\u00f3n para solicitar al Poder Ejecutivo provincial que inicie las acciones administrativas destinadas a la actualizaci\u00f3n autom\u00e1tica del monto a transferir a la Delegaci\u00f3n Argentina ante la Comisi\u00f3n T\u00e9cnica Mixta de Salto Grande, para la ejecuci\u00f3n del convenio firmado 25 de febrero de 2004 entre esa Delegaci\u00f3n y la Municipalidad de Concordia.<\/strong><\/p>\n\n\n\n<p class=\"has-medium-font-size\"><strong>El proyecto de Enrique Cresto<\/strong><\/p>\n\n\n\n<p>\u201cEn 1999 la Municipalidad le inici\u00f3 un juicio a Salto Grande por todos los da\u00f1os que la represa le produce a la ciudad, como la erosi\u00f3n y el traslado de m\u00e1s de 20 barrios (por las variaciones del r\u00edo Uruguay). Como consecuencia, acordaron un convenio por el equivalente a 200.000 d\u00f3lares mensuales, que se fueron actualizando en los diferentes gobiernos\u201d, record\u00f3 Cresto.<\/p>\n\n\n\n<p>El diputado mencion\u00f3 que, con la \u00faltima actualizaci\u00f3n, ese monto se elev\u00f3 a 300.000 d\u00f3lares, pero luego se depreci\u00f3 por el aumento del valor de la divisa estadounidense. \u201cHoy las regal\u00edas son \u00ednfimas. Adem\u00e1s, no hay excedentes, porque Salto Grande a duras penas tiene recursos para mantener las turbinas. Tampoco hay convenio con el municipio, porque qued\u00f3 en 13 millones de pesos\u201d, ilustr\u00f3. \u201cEste proyecto de resoluci\u00f3n es el resultado de gestiones infructuosas\u201d, acot\u00f3.<\/p>\n\n\n\n<p class=\"has-medium-font-size\"><strong>La adhesi\u00f3n de Marcelo L\u00f3pez<\/strong><\/p>\n\n\n\n<p>Mientras se desarrollaba la primera sesi\u00f3n ordinaria del 146\u00b0 periodo legislativo, el diputado radical solicit\u00f3 adherir como coautor a una Resoluci\u00f3n que reclama por la actualizaci\u00f3n de los fondos destinados a mitigar el impacto de la represa de Salto Grande en Concordia. La iniciativa en cuesti\u00f3n fue presentada por el diputado de M\u00e1s para Entre R\u00edos, Enrique Cresto. Adem\u00e1s se sumaron como cofirmantes otros legisladores.<\/p>\n\n\n\n<p>El expediente aprobado hoy lleva el n\u00famero 27959. El texto aprobado solicita al Poder Ejecutivo provincial que inicie las acciones administrativas ante Naci\u00f3n destinadas a la actualizaci\u00f3n autom\u00e1tica del monto a transferir a la Delegaci\u00f3n Argentina ante la Comisi\u00f3n T\u00e9cnica Mixta de Salto Grande, para la ejecuci\u00f3n del convenio firmado 25 de febrero de 2004 entre esa Delegaci\u00f3n y la Municipalidad de Concordia.<\/p>\n\n\n\n<p>Al momento de argumentar ante el pleno de la C\u00e1mara, el diputado Cresto record\u00f3 la historia de lucha por Salto Grande, por su construcci\u00f3n primero y para evitar su privatizaci\u00f3n despu\u00e9s. Mencion\u00f3 al entonces senador nacional Alcides L\u00f3pez y su viaje a la Rep\u00fablica Oriental del Uruguay para reunirse con el entonces presidente, Jos\u00e9 Mar\u00eda Sanguinetti, y el intendente de Montevideo, Tabar\u00e9 Vazquez, con el fin de comprometerlos en la conveniencia estrat\u00e9gica para ambos pa\u00edses de que la represa quede en manos estatales.<\/p>\n\n\n\n<p>Por su parte L\u00f3pez destac\u00f3 que \u201ces importante que tomemos conciencia de la importancia que tiene para los entrerrianos la defensa de los intereses vulnerados por la construcci\u00f3n y luego por la operaci\u00f3n de la represa\u201d. Record\u00f3 a su vez cuando en los a\u00f1os \u201890 el gobierno de Menem intent\u00f3 privatizarla, \u201ctoda la regi\u00f3n de Salto Grande se puso de pie para evitarla porque significar\u00eda que nunca m\u00e1s tuvi\u00e9ramos la posibilidad de reparar los da\u00f1os que caus\u00f3 Salto Grande a la regi\u00f3n\u201d, subray\u00f3.<\/p>\n\n\n\n<p>Adem\u00e1s de la firma original del diputado Cresto, se sumaron como cofirmantes Carola Laner (Juntos por Entre R\u00edos), Salinas (Partido Conservador Popular) y Mariel \u00c1vila (M\u00e1s para ER), todos oriundos de la ciudad de Concordia.<\/p>\n","protected":false},"excerpt":{"rendered":"<p>Enrique Cresto (M&aacute;s para Entre R&iacute;os), fue el autor de un proyecto de resoluci&oacute;n para solicitar al Poder Ejecutivo provincial que inicie las acciones administrativas destinadas a la actualizaci&oacute;n autom&aacute;tica del monto a transferir a la Delegaci&oacute;n Argentina ante la Comisi&oacute;n T&eacute;cnica Mixta de Salto Grande, para la ejecuci&oacute;n del convenio firmado 25 de febrero [&hellip;]<\/p>\n","protected":false},"author":2,"featured_media":11823,"comment_status":"open","ping_status":"open","sticky":false,"template":"","format":"standard","meta":{"footnotes":""},"categories":[11,4],"tags":[105,1263,4655,1402,3244,591,938],"class_list":["post-11822","post","type-post","status-publish","format-standard","has-post-thumbnail","hentry","category-politica","category-provinciales","tag-enrique-cresto","tag-fondos","tag-laner","tag-marcelo-lopez","tag-mariel-avila","tag-proyecto","tag-salto-grande"],"_links":{"self":[{"href":"https:\/\/impactodenoticias.com.ar\/index.php?rest_route=\/wp\/v2\/posts\/11822","targetHints":{"allow":["GET"]}}],"collection":[{"href":"https:\/\/impactodenoticias.com.ar\/index.php?rest_route=\/wp\/v2\/posts"}],"about":[{"href":"https:\/\/impactodenoticias.com.ar\/index.php?rest_route=\/wp\/v2\/types\/post"}],"author":[{"embeddable":true,"href":"https:\/\/impactodenoticias.com.ar\/index.php?rest_route=\/wp\/v2\/users\/2"}],"replies":[{"embeddable":true,"href":"https:\/\/impactodenoticias.com.ar\/index.php?rest_route=%2Fwp%2Fv2%2Fcomments&post=11822"}],"version-history":[{"count":1,"href":"https:\/\/impactodenoticias.com.ar\/index.php?rest_route=\/wp\/v2\/posts\/11822\/revisions"}],"predecessor-version":[{"id":11824,"href":"https:\/\/impactodenoticias.com.ar\/index.php?rest_route=\/wp\/v2\/posts\/11822\/revisions\/11824"}],"wp:featuredmedia":[{"embeddable":true,"href":"https:\/\/impactodenoticias.com.ar\/index.php?rest_route=\/wp\/v2\/media\/11823"}],"wp:attachment":[{"href":"https:\/\/impactodenoticias.com.ar\/index.php?rest_route=%2Fwp%2Fv2%2Fmedia&parent=11822"}],"wp:term":[{"taxonomy":"category","embeddable":true,"href":"https:\/\/impactodenoticias.com.ar\/index.php?rest_route=%2Fwp%2Fv2%2Fcategories&post=11822"},{"taxonomy":"post_tag","embeddable":true,"href":"https:\/\/impactodenoticias.com.ar\/index.php?rest_route=%2Fwp%2Fv2%2Ftags&post=11822"}],"curies":[{"name":"wp","href":"https:\/\/api.w.org\/{rel}","templated":true}]}}