{"id":11852,"date":"2025-02-28T12:58:32","date_gmt":"2025-02-28T15:58:32","guid":{"rendered":"https:\/\/impactodenoticias.com.ar\/?p=11852"},"modified":"2025-03-01T13:38:32","modified_gmt":"2025-03-01T16:38:32","slug":"la-municipalidad-de-colon-actua-ante-una-probable-toma-de-viviendas","status":"publish","type":"post","link":"https:\/\/impactodenoticias.com.ar\/?p=11852","title":{"rendered":"La Municipalidad de Col\u00f3n actua ante una probable toma de viviendas"},"content":{"rendered":"\n<h2 class=\"wp-block-heading\">Se trata de casas en construcci\u00f3n. El gobierno ya efectiviz\u00f3 la denuncia correspondiente en sede policial.<\/h2>\n\n\n\n<p>La Municipalidad de Col\u00f3n emiti\u00f3 un comunicado en las \u00faltimas horas, donde se\u00f1al\u00f3 que ya se ha realizado una denuncia en la Polic\u00eda en relaci\u00f3n a la posibilidad que se lleguen a usurpar viviendas en construcci\u00f3n.<\/p>\n\n\n\n<p>Desde el gobierno que encabeza Jos\u00e9 Luis Walse, destacaron que ser\u00e1n \u201cinflexibles\u201d con actos que consideran son de \u201cdelincuencia\u201d. \u201cLa comunidad de Col\u00f3n no acepta m\u00e1s estas viejas pr\u00e1cticas\u201d, destacaron en la misiva.<\/p>\n\n\n\n<p>Desde la comuna anticiparon que en breve se culminar\u00e1n 72 casas a trav\u00e9s de un cr\u00e9dito gestionado ante el IAPV: \u201cSer\u00e1n entregadas las preadjudicadas y m\u00e1s de 60 ser\u00e1n puestas a la venta para vecinos de nuestra ciudad\u201d, finalizaron.<\/p>\n","protected":false},"excerpt":{"rendered":"<p>Se trata de casas en construcci&oacute;n. El gobierno ya efectiviz&oacute; la denuncia correspondiente en sede policial. La Municipalidad de Col&oacute;n emiti&oacute; un comunicado en las &uacute;ltimas horas, donde se&ntilde;al&oacute; que ya se ha realizado una denuncia en la Polic&iacute;a en relaci&oacute;n a la posibilidad que se lleguen a usurpar viviendas en construcci&oacute;n. Desde el gobierno [&hellip;]<\/p>\n","protected":false},"author":2,"featured_media":11853,"comment_status":"open","ping_status":"open","sticky":false,"template":"","format":"standard","meta":{"footnotes":""},"categories":[8,4],"tags":[466,68,85,102,4663,4664,87],"class_list":["post-11852","post","type-post","status-publish","format-standard","has-post-thumbnail","hentry","category-policiales","category-provinciales","tag-colon","tag-denuncia","tag-iapv","tag-municipalidad","tag-probable","tag-toma","tag-viviendas"],"_links":{"self":[{"href":"https:\/\/impactodenoticias.com.ar\/index.php?rest_route=\/wp\/v2\/posts\/11852","targetHints":{"allow":["GET"]}}],"collection":[{"href":"https:\/\/impactodenoticias.com.ar\/index.php?rest_route=\/wp\/v2\/posts"}],"about":[{"href":"https:\/\/impactodenoticias.com.ar\/index.php?rest_route=\/wp\/v2\/types\/post"}],"author":[{"embeddable":true,"href":"https:\/\/impactodenoticias.com.ar\/index.php?rest_route=\/wp\/v2\/users\/2"}],"replies":[{"embeddable":true,"href":"https:\/\/impactodenoticias.com.ar\/index.php?rest_route=%2Fwp%2Fv2%2Fcomments&post=11852"}],"version-history":[{"count":2,"href":"https:\/\/impactodenoticias.com.ar\/index.php?rest_route=\/wp\/v2\/posts\/11852\/revisions"}],"predecessor-version":[{"id":11855,"href":"https:\/\/impactodenoticias.com.ar\/index.php?rest_route=\/wp\/v2\/posts\/11852\/revisions\/11855"}],"wp:featuredmedia":[{"embeddable":true,"href":"https:\/\/impactodenoticias.com.ar\/index.php?rest_route=\/wp\/v2\/media\/11853"}],"wp:attachment":[{"href":"https:\/\/impactodenoticias.com.ar\/index.php?rest_route=%2Fwp%2Fv2%2Fmedia&parent=11852"}],"wp:term":[{"taxonomy":"category","embeddable":true,"href":"https:\/\/impactodenoticias.com.ar\/index.php?rest_route=%2Fwp%2Fv2%2Fcategories&post=11852"},{"taxonomy":"post_tag","embeddable":true,"href":"https:\/\/impactodenoticias.com.ar\/index.php?rest_route=%2Fwp%2Fv2%2Ftags&post=11852"}],"curies":[{"name":"wp","href":"https:\/\/api.w.org\/{rel}","templated":true}]}}