{"id":11865,"date":"2025-02-28T18:53:20","date_gmt":"2025-02-28T21:53:20","guid":{"rendered":"https:\/\/impactodenoticias.com.ar\/?p=11865"},"modified":"2025-03-01T13:38:24","modified_gmt":"2025-03-01T16:38:24","slug":"agmer-acepto-la-oferta-salarial-no-obstante-la-declaro-insuficiente","status":"publish","type":"post","link":"https:\/\/impactodenoticias.com.ar\/?p=11865","title":{"rendered":"Agmer acept\u00f3 la oferta salarial, no obstante la declar\u00f3 \u201cinsuficiente\u201d"},"content":{"rendered":"\n<p class=\"has-medium-font-size\"><strong>Reunido en Villaguay, el Congreso acept\u00f3 la propuesta pero con algunas demandas. Cuales son las nuevas demandas del gremio mayoritario docente.<\/strong><\/p>\n\n\n\n<p>El Congreso de Agmer reunido este viernes en Villaguay acept\u00f3 la \u00faltima oferta salarial del gobierno, pero declar\u00e1ndola \u201cinsuficiente\u201d. De esta forma, el gremio docente aguarda que se atiendan algunos reclamos sobre la base de la propuesta, sin convocar por ahora ninguna medida de fuerza.<\/p>\n\n\n\n<p class=\"has-medium-font-size\"><strong>Las resoluciones del Congreso de Agmer<\/strong><\/p>\n\n\n\n<p><\/p>\n\n\n\n<figure class=\"wp-block-image size-full\"><img loading=\"lazy\" decoding=\"async\" width=\"819\" height=\"1024\" src=\"https:\/\/impactodenoticias.com.ar\/wp-content\/uploads\/2025\/02\/resoluciones-28feb1-819x1024-1.jpg\" alt=\"\" class=\"wp-image-11866\" srcset=\"https:\/\/impactodenoticias.com.ar\/wp-content\/uploads\/2025\/02\/resoluciones-28feb1-819x1024-1.jpg 819w, https:\/\/impactodenoticias.com.ar\/wp-content\/uploads\/2025\/02\/resoluciones-28feb1-819x1024-1-240x300.jpg 240w, https:\/\/impactodenoticias.com.ar\/wp-content\/uploads\/2025\/02\/resoluciones-28feb1-819x1024-1-768x960.jpg 768w\" sizes=\"auto, (max-width: 819px) 100vw, 819px\" \/><\/figure>\n\n\n\n<p><\/p>\n\n\n\n<p>El sindicato acept\u00f3 \u201cdeclarando insuficiente la oferta salarial presentada por el gobierno el 25\/02, siempre y cuando la misma cumpla las siguientes condiciones\u201d:<\/p>\n\n\n\n<p>-Que todos los puntos de incremento sean retroactivos al mes de febrero de 2025.<\/p>\n\n\n\n<p>-Que la base de c\u00e1lculo de los incrementos se actualice en los meses de marzo, agosto y noviembre de 2025.<\/p>\n\n\n\n<p>-Que se contin\u00fae trabajando en la Comisi\u00f3n de Nomenclador para concretar una propuesta que corrija las distorsiones del escalaf\u00f3n a la mayor brevedad posible.<\/p>\n\n\n\n<p>-Que la paritaria se mantenga abierta.<\/p>\n\n\n\n<p>Adem\u00e1s el gremio reclam\u00f3 \u201cque se incluya en la pauta un monto remunerativo y bonificable que alcance a la totalidad de los docentes con menos de 10 a\u00f1os de antig\u00fcedad\u201d.<\/p>\n\n\n\n<p>El secretario General de Agmer, Marcelo Pagani, detall\u00f3 cu\u00e1les son los puntos a rediscutir, y afirm\u00f3 que si el gobierno provincial accede a las demandas, se firmar\u00eda: \u201cSi accede el gobierno de la provincia, estar\u00edamos firmando la semana que viene el acuerdo paritario\u201d, destac\u00f3.<\/p>\n\n\n\n<p>Pagani afirm\u00f3 que la propuesta es \u201cinsuficiente\u201d y tiene esperanzas de que el gobierno escuche las demandas, pero si eso no sucede, el gremio resolver\u00e1 que decisiones adoptar, entre las cuales habr\u00eda un \u201cplan de acci\u00f3n\u201d.<\/p>\n\n\n\n<p class=\"has-medium-font-size\"><strong>La \u00faltima propuesta del gobierno<\/strong><\/p>\n\n\n\n<p>-Garantizar la cobertura contra la inflaci\u00f3n, con una actualizaci\u00f3n mes a mes, seg\u00fan el \u00cdndice de Precios al Consumidor del mes inmediato anterior, hasta diciembre de 2025.<\/p>\n\n\n\n<p>-El pago de una suma fija de 25.000 pesos remunerativo y bonificable por docente a partir de marzo a diciembre de 2025 para todos aquellos que tengan 10 a\u00f1os de antig\u00fcedad o m\u00e1s.<\/p>\n\n\n\n<p>-El cambio de la base de c\u00e1lculo a marzo y una actualizaci\u00f3n de la base en agosto.<\/p>\n\n\n\n<p>-Establecer un incremento en un 10,7 por ciento del Fondo Provincial de Incentivo Docente y conectividad a partir de marzo.<\/p>\n\n\n\n<p>-Trabajar en la implementaci\u00f3n de un boleto docente para transporte urbano con una bonificaci\u00f3n de 50 por ciento.<\/p>\n","protected":false},"excerpt":{"rendered":"<p>Reunido en Villaguay, el Congreso acept&oacute; la propuesta pero con algunas demandas. Cuales son las nuevas demandas del gremio mayoritario docente. El Congreso de Agmer reunido este viernes en Villaguay acept&oacute; la &uacute;ltima oferta salarial del gobierno, pero declar&aacute;ndola &ldquo;insuficiente&rdquo;. De esta forma, el gremio docente aguarda que se atiendan algunos reclamos sobre la base [&hellip;]<\/p>\n","protected":false},"author":2,"featured_media":11867,"comment_status":"open","ping_status":"open","sticky":false,"template":"","format":"standard","meta":{"footnotes":""},"categories":[91,11,4],"tags":[1976,52,53,433,2325,1934,746,55],"class_list":["post-11865","post","type-post","status-publish","format-standard","has-post-thumbnail","hentry","category-gremiales","category-politica","category-provinciales","tag-acepto","tag-agmer","tag-congreso","tag-gobierno","tag-insuficiente","tag-marcelo-pagani","tag-propuesta","tag-villaguay"],"_links":{"self":[{"href":"https:\/\/impactodenoticias.com.ar\/index.php?rest_route=\/wp\/v2\/posts\/11865","targetHints":{"allow":["GET"]}}],"collection":[{"href":"https:\/\/impactodenoticias.com.ar\/index.php?rest_route=\/wp\/v2\/posts"}],"about":[{"href":"https:\/\/impactodenoticias.com.ar\/index.php?rest_route=\/wp\/v2\/types\/post"}],"author":[{"embeddable":true,"href":"https:\/\/impactodenoticias.com.ar\/index.php?rest_route=\/wp\/v2\/users\/2"}],"replies":[{"embeddable":true,"href":"https:\/\/impactodenoticias.com.ar\/index.php?rest_route=%2Fwp%2Fv2%2Fcomments&post=11865"}],"version-history":[{"count":1,"href":"https:\/\/impactodenoticias.com.ar\/index.php?rest_route=\/wp\/v2\/posts\/11865\/revisions"}],"predecessor-version":[{"id":11868,"href":"https:\/\/impactodenoticias.com.ar\/index.php?rest_route=\/wp\/v2\/posts\/11865\/revisions\/11868"}],"wp:featuredmedia":[{"embeddable":true,"href":"https:\/\/impactodenoticias.com.ar\/index.php?rest_route=\/wp\/v2\/media\/11867"}],"wp:attachment":[{"href":"https:\/\/impactodenoticias.com.ar\/index.php?rest_route=%2Fwp%2Fv2%2Fmedia&parent=11865"}],"wp:term":[{"taxonomy":"category","embeddable":true,"href":"https:\/\/impactodenoticias.com.ar\/index.php?rest_route=%2Fwp%2Fv2%2Fcategories&post=11865"},{"taxonomy":"post_tag","embeddable":true,"href":"https:\/\/impactodenoticias.com.ar\/index.php?rest_route=%2Fwp%2Fv2%2Ftags&post=11865"}],"curies":[{"name":"wp","href":"https:\/\/api.w.org\/{rel}","templated":true}]}}