{"id":11875,"date":"2025-02-28T19:13:22","date_gmt":"2025-02-28T22:13:22","guid":{"rendered":"https:\/\/impactodenoticias.com.ar\/?p=11875"},"modified":"2025-03-01T13:38:15","modified_gmt":"2025-03-01T16:38:15","slug":"regreso-a-parana-anto-bona-la-joven-sobreviviente-del-fatal-accidente-vial-en-brasil","status":"publish","type":"post","link":"https:\/\/impactodenoticias.com.ar\/?p=11875","title":{"rendered":"Regres\u00f3 a Paran\u00e1 Anto Bona, la joven sobreviviente del fatal accidente vial en Brasil"},"content":{"rendered":"\n<h2 class=\"wp-block-heading\">Antonella Bona, de 31 a\u00f1os, arrib\u00f3 este viernes al mediod\u00eda, gracias a la solidaridad de la gente. Bona sobrevivi\u00f3 al impactante accidente vial donde falleci\u00f3 el ni\u00f1o Felipe Almada.<\/h2>\n\n\n\n<p>Antonella Bona, de 31 a\u00f1os, regres\u00f3 a Paran\u00e1 este viernes al mediod\u00eda, luego de haber sido dada de alta. Se trata de la joven sobreviviente a la tragedia vial en Brasil, donde falleci\u00f3 el ni\u00f1o de 3 a\u00f1os Felipe Almada.<\/p>\n\n\n\n<p>Seg\u00fan informaron a IMPACTO DE NOTICIAS, la joven regres\u00f3 en un vuelo especial que aterriz\u00f3 pasadas las 13:00 de este viernes en el Aeropuerto Justo Jos\u00e9 de Urquiza de la ciudad de Paran\u00e1, donde la recibieron familiares y amigos.<\/p>\n\n\n\n<p>La joven pudo regresar a Paran\u00e1 gracias a la solidaridad de la gente, que con sus aportes complet\u00f3 el costo del traslado dado que el seguro m\u00e9dico no cubr\u00eda la totalidad de los gastos. Su madre hab\u00eda organizado una colecta que result\u00f3 exitosa.<\/p>\n\n\n\n<p>Antonella es la joven que m\u00e1s comprometida ten\u00eda su salud de los sobrevivientes. Desde el 24 de enero, en que sucedi\u00f3 el choque fatal, permaneci\u00f3 internada en el hospital Santa Mar\u00eda, donde le practicaron diversas cirug\u00edas con resultados positivos.<\/p>\n\n\n\n<p>Finalmente, a un mes del hecho, esta semana Antonella Bona fue dada de alta y pudo regresar reci\u00e9n hoy a su ciudad, acompa\u00f1ada de sus padres, quienes la contuvieron desde que se enteraron del terrible hecho.<\/p>\n\n\n\n<p>Vale recordar que Mar\u00eda Nelly Nazareth Martinoli, mam\u00e1 de 31 a\u00f1os, y Giuliano Di Camillo, de 28 a\u00f1os, fueron trasladados desde Brasil a la Argentina en los primeros d\u00edas del mes para continuar en el pa\u00eds los tratamientos m\u00e9dicos de recuperaci\u00f3n.<\/p>\n","protected":false},"excerpt":{"rendered":"<p>Antonella Bona, de 31 a&ntilde;os, arrib&oacute; este viernes al mediod&iacute;a, gracias a la solidaridad de la gente. Bona sobrevivi&oacute; al impactante accidente vial donde falleci&oacute; el ni&ntilde;o Felipe Almada. Antonella Bona, de 31 a&ntilde;os, regres&oacute; a Paran&aacute; este viernes al mediod&iacute;a, luego de haber sido dada de alta. Se trata de la joven sobreviviente a [&hellip;]<\/p>\n","protected":false},"author":2,"featured_media":11876,"comment_status":"open","ping_status":"open","sticky":false,"template":"","format":"standard","meta":{"footnotes":""},"categories":[8,4],"tags":[120,4674,1776,119,4165,95,4672],"class_list":["post-11875","post","type-post","status-publish","format-standard","has-post-thumbnail","hentry","category-policiales","category-provinciales","tag-accidente","tag-antonella-bona","tag-brasil","tag-fatal","tag-felipe-almada","tag-parana","tag-regreso"],"_links":{"self":[{"href":"https:\/\/impactodenoticias.com.ar\/index.php?rest_route=\/wp\/v2\/posts\/11875","targetHints":{"allow":["GET"]}}],"collection":[{"href":"https:\/\/impactodenoticias.com.ar\/index.php?rest_route=\/wp\/v2\/posts"}],"about":[{"href":"https:\/\/impactodenoticias.com.ar\/index.php?rest_route=\/wp\/v2\/types\/post"}],"author":[{"embeddable":true,"href":"https:\/\/impactodenoticias.com.ar\/index.php?rest_route=\/wp\/v2\/users\/2"}],"replies":[{"embeddable":true,"href":"https:\/\/impactodenoticias.com.ar\/index.php?rest_route=%2Fwp%2Fv2%2Fcomments&post=11875"}],"version-history":[{"count":1,"href":"https:\/\/impactodenoticias.com.ar\/index.php?rest_route=\/wp\/v2\/posts\/11875\/revisions"}],"predecessor-version":[{"id":11877,"href":"https:\/\/impactodenoticias.com.ar\/index.php?rest_route=\/wp\/v2\/posts\/11875\/revisions\/11877"}],"wp:featuredmedia":[{"embeddable":true,"href":"https:\/\/impactodenoticias.com.ar\/index.php?rest_route=\/wp\/v2\/media\/11876"}],"wp:attachment":[{"href":"https:\/\/impactodenoticias.com.ar\/index.php?rest_route=%2Fwp%2Fv2%2Fmedia&parent=11875"}],"wp:term":[{"taxonomy":"category","embeddable":true,"href":"https:\/\/impactodenoticias.com.ar\/index.php?rest_route=%2Fwp%2Fv2%2Fcategories&post=11875"},{"taxonomy":"post_tag","embeddable":true,"href":"https:\/\/impactodenoticias.com.ar\/index.php?rest_route=%2Fwp%2Fv2%2Ftags&post=11875"}],"curies":[{"name":"wp","href":"https:\/\/api.w.org\/{rel}","templated":true}]}}