{"id":11878,"date":"2025-02-28T19:17:01","date_gmt":"2025-02-28T22:17:01","guid":{"rendered":"https:\/\/impactodenoticias.com.ar\/?p=11878"},"modified":"2025-03-01T13:38:45","modified_gmt":"2025-03-01T16:38:45","slug":"el-gobierno-convoco-a-paritaria-a-los-gremios-estatales-para-el-viernes-7-de-marzo","status":"publish","type":"post","link":"https:\/\/impactodenoticias.com.ar\/?p=11878","title":{"rendered":"El gobierno convoc\u00f3 a paritaria a los gremios estatales para el viernes 7 de marzo"},"content":{"rendered":"\n<h2 class=\"wp-block-heading\">El gobierno provincial convoc\u00f3 a la Uni\u00f3n del Personal Civil de la Naci\u00f3n (UPCN) y a la Asociaci\u00f3n de Trabajadores del Estado (ATE) para dar inicio a la paritaria 2025.<\/h2>\n\n\n\n<p>La reuni\u00f3n paritaria a la que se convoc\u00f3 a la Uni\u00f3n del Personal Civil de la Naci\u00f3n (UPCN) y a la Asociaci\u00f3n de Trabajadores del Estado (ATE), ser\u00e1 el viernes 7 de marzo a las 11 en la Secretar\u00eda de Trabajo.<\/p>\n","protected":false},"excerpt":{"rendered":"<p>El gobierno provincial convoc&oacute; a la Uni&oacute;n del Personal Civil de la Naci&oacute;n (UPCN) y a la Asociaci&oacute;n de Trabajadores del Estado (ATE) para dar inicio a la paritaria 2025. La reuni&oacute;n paritaria a la que se convoc&oacute; a la Uni&oacute;n del Personal Civil de la Naci&oacute;n (UPCN) y a la Asociaci&oacute;n de Trabajadores del [&hellip;]<\/p>\n","protected":false},"author":2,"featured_media":11879,"comment_status":"open","ping_status":"open","sticky":false,"template":"","format":"standard","meta":{"footnotes":""},"categories":[91,11,4],"tags":[103,1639,33,308,433,902,713,450],"class_list":["post-11878","post","type-post","status-publish","format-standard","has-post-thumbnail","hentry","category-gremiales","category-politica","category-provinciales","tag-ate","tag-convocatoria","tag-entre-rios","tag-estatales","tag-gobierno","tag-gremios","tag-paritaria","tag-upcn"],"_links":{"self":[{"href":"https:\/\/impactodenoticias.com.ar\/index.php?rest_route=\/wp\/v2\/posts\/11878","targetHints":{"allow":["GET"]}}],"collection":[{"href":"https:\/\/impactodenoticias.com.ar\/index.php?rest_route=\/wp\/v2\/posts"}],"about":[{"href":"https:\/\/impactodenoticias.com.ar\/index.php?rest_route=\/wp\/v2\/types\/post"}],"author":[{"embeddable":true,"href":"https:\/\/impactodenoticias.com.ar\/index.php?rest_route=\/wp\/v2\/users\/2"}],"replies":[{"embeddable":true,"href":"https:\/\/impactodenoticias.com.ar\/index.php?rest_route=%2Fwp%2Fv2%2Fcomments&post=11878"}],"version-history":[{"count":1,"href":"https:\/\/impactodenoticias.com.ar\/index.php?rest_route=\/wp\/v2\/posts\/11878\/revisions"}],"predecessor-version":[{"id":11880,"href":"https:\/\/impactodenoticias.com.ar\/index.php?rest_route=\/wp\/v2\/posts\/11878\/revisions\/11880"}],"wp:featuredmedia":[{"embeddable":true,"href":"https:\/\/impactodenoticias.com.ar\/index.php?rest_route=\/wp\/v2\/media\/11879"}],"wp:attachment":[{"href":"https:\/\/impactodenoticias.com.ar\/index.php?rest_route=%2Fwp%2Fv2%2Fmedia&parent=11878"}],"wp:term":[{"taxonomy":"category","embeddable":true,"href":"https:\/\/impactodenoticias.com.ar\/index.php?rest_route=%2Fwp%2Fv2%2Fcategories&post=11878"},{"taxonomy":"post_tag","embeddable":true,"href":"https:\/\/impactodenoticias.com.ar\/index.php?rest_route=%2Fwp%2Fv2%2Ftags&post=11878"}],"curies":[{"name":"wp","href":"https:\/\/api.w.org\/{rel}","templated":true}]}}