{"id":11881,"date":"2025-02-28T19:20:16","date_gmt":"2025-02-28T22:20:16","guid":{"rendered":"https:\/\/impactodenoticias.com.ar\/?p=11881"},"modified":"2025-03-01T13:38:53","modified_gmt":"2025-03-01T16:38:53","slug":"este-sabado-se-inicia-el-pago-de-haberes-a-la-administracion-publica","status":"publish","type":"post","link":"https:\/\/impactodenoticias.com.ar\/?p=11881","title":{"rendered":"Este s\u00e1bado se inicia el pago de haberes a la administraci\u00f3n p\u00fablica"},"content":{"rendered":"\n<h2 class=\"wp-block-heading\">Este s\u00e1bado 1 de marzo comenzar\u00e1 el cronograma de pagos de haberes de febrero a activos y pasivos de la administraci\u00f3n p\u00fablica provincial, el cual culminar\u00e1 el d\u00eda 8.<\/h2>\n\n\n\n<p class=\"has-medium-font-size\"><strong>El cronograma dado a conocer por el gobierno es el siguiente:<\/strong><\/p>\n\n\n\n<ul class=\"wp-block-list\">\n<li>S\u00e1bado 1 de marzo: Haberes hasta 727.000 pesos.<\/li>\n\n\n\n<li>Jueves 6 de marzo: Haberes desde 727.001 pesos hasta 1.131.000 pesos.<\/li>\n\n\n\n<li>Viernes 7 de marzo: Haberes desde 1.131.001 pesos hasta 1.580.000 pesos.<\/li>\n\n\n\n<li>S\u00e1bado 8 de marzo: Haberes mayores a 1.580.001 pesos.<\/li>\n<\/ul>\n","protected":false},"excerpt":{"rendered":"<p>Este s&aacute;bado 1 de marzo comenzar&aacute; el cronograma de pagos de haberes de febrero a activos y pasivos de la administraci&oacute;n p&uacute;blica provincial, el cual culminar&aacute; el d&iacute;a 8. El cronograma dado a conocer por el gobierno es el siguiente:<\/p>\n","protected":false},"author":2,"featured_media":11882,"comment_status":"open","ping_status":"open","sticky":false,"template":"","format":"standard","meta":{"footnotes":""},"categories":[11,4],"tags":[4675,842,33,433,559,1128],"class_list":["post-11881","post","type-post","status-publish","format-standard","has-post-thumbnail","hentry","category-politica","category-provinciales","tag-admisnitracion","tag-cronograma","tag-entre-rios","tag-gobierno","tag-pagos","tag-publica"],"_links":{"self":[{"href":"https:\/\/impactodenoticias.com.ar\/index.php?rest_route=\/wp\/v2\/posts\/11881","targetHints":{"allow":["GET"]}}],"collection":[{"href":"https:\/\/impactodenoticias.com.ar\/index.php?rest_route=\/wp\/v2\/posts"}],"about":[{"href":"https:\/\/impactodenoticias.com.ar\/index.php?rest_route=\/wp\/v2\/types\/post"}],"author":[{"embeddable":true,"href":"https:\/\/impactodenoticias.com.ar\/index.php?rest_route=\/wp\/v2\/users\/2"}],"replies":[{"embeddable":true,"href":"https:\/\/impactodenoticias.com.ar\/index.php?rest_route=%2Fwp%2Fv2%2Fcomments&post=11881"}],"version-history":[{"count":1,"href":"https:\/\/impactodenoticias.com.ar\/index.php?rest_route=\/wp\/v2\/posts\/11881\/revisions"}],"predecessor-version":[{"id":11883,"href":"https:\/\/impactodenoticias.com.ar\/index.php?rest_route=\/wp\/v2\/posts\/11881\/revisions\/11883"}],"wp:featuredmedia":[{"embeddable":true,"href":"https:\/\/impactodenoticias.com.ar\/index.php?rest_route=\/wp\/v2\/media\/11882"}],"wp:attachment":[{"href":"https:\/\/impactodenoticias.com.ar\/index.php?rest_route=%2Fwp%2Fv2%2Fmedia&parent=11881"}],"wp:term":[{"taxonomy":"category","embeddable":true,"href":"https:\/\/impactodenoticias.com.ar\/index.php?rest_route=%2Fwp%2Fv2%2Fcategories&post=11881"},{"taxonomy":"post_tag","embeddable":true,"href":"https:\/\/impactodenoticias.com.ar\/index.php?rest_route=%2Fwp%2Fv2%2Ftags&post=11881"}],"curies":[{"name":"wp","href":"https:\/\/api.w.org\/{rel}","templated":true}]}}