{"id":11894,"date":"2025-03-01T13:26:07","date_gmt":"2025-03-01T16:26:07","guid":{"rendered":"https:\/\/impactodenoticias.com.ar\/?p=11894"},"modified":"2025-03-02T12:29:01","modified_gmt":"2025-03-02T15:29:01","slug":"tras-los-despidos-en-el-iosper-carina-dominguez-senalo-que-se-comprometieron-a-revisar-cada-uno-de-los-casos","status":"publish","type":"post","link":"https:\/\/impactodenoticias.com.ar\/?p=11894","title":{"rendered":"Tras los despidos en el IOSPER, Carina Dom\u00ednguez se\u00f1al\u00f3 que \u201cse comprometieron a revisar cada uno de los casos\u201d"},"content":{"rendered":"\n<p class=\"has-medium-font-size\"><strong>Este viernes, el equipo interventor del Instituto de Obra Social de Entre R\u00edos (Iosper), dio de baja a 111 contratos en el organismo, precisando que los motivos fueron \u00abnumerosas y serias irregularidades\u00bb.<\/strong><\/p>\n\n\n\n<p>En declaraciones televisivas, Carina Dom\u00ednguez secretaria de UPCN, brind\u00f3 m\u00e1s informaci\u00f3n sobre los despidos: \u201cLlegaron correos electr\u00f3nicos masivamente el d\u00eda de ayer, algunos trabajadores que revistaban como contratos estaban dentro de la revisi\u00f3n que hab\u00eda planteado el Iosper y hoy trascendi\u00f3 la informaci\u00f3n que daba cuenta de numerosos contratos que no se iban a renovar\u201d, precis\u00f3.<\/p>\n\n\n\n<p>\u201cNo hablamos de cesant\u00eda porque no es personal de planta permanente, sino que se desvinculan de su situaci\u00f3n contractual. Lo cierto es que, por supuesto, recibimos reclamos en UPCN, los canalizamos a trav\u00e9s del \u00e1rea de Recursos Humanos del Iosper y se comprometieron a que van a revisar cada uno de los casos\u201c, agreg\u00f3.<\/p>\n\n\n\n<p>\u201cEl problema, aparentemente, es que tomaron los registros de \u201cmarcaci\u00f3n\u201d y hab\u00eda algunos casos en los que no estaban los datos de forma accesible, entonces, preventivamente hicieron esa comunicaci\u00f3n y ahora, en funci\u00f3n de los reclamos, van a ver individualmente los casos\u201c, indic\u00f3.<\/p>\n\n\n\n<p>Consultada sobre la cantidad de casos que fueron recepcionados desde UPCN, Dom\u00ednguez confirm\u00f3 que fueron 22 y que puede haber algunos m\u00e1s que lleguen en las pr\u00f3ximas horas, de los cuales \u201cse van a revisar y seguramente se podr\u00e1n resolver ya que es un error administrativo. Pero estamos hablando de m\u00e1s de 100 trabajadores que tienen distintas circunstancias\u201c, destac\u00f3.<\/p>\n\n\n\n<p>\u201cPara hablar de despidos o desvinculaci\u00f3n hay que esperar hasta la semana que viene que se analicen los casos. Hay situaciones de muchos a\u00f1os de antiguedad y otros que fueron designados despu\u00e9s del Decreto 991 que el gobernador dict\u00f3 el a\u00f1o pasado que establece la restricci\u00f3n del gasto y limitaciones para nombrar contratos, entonces hay que ver el marco legal y las necesidades del servicio que prestan en el organismo. Lo que s\u00ed sabemos es que muchos casos corresponden al interior de la provincia\u201c, anadi\u00f3.<\/p>\n\n\n\n<p>\u201cEl mi\u00e9rcoles tenemos una reuni\u00f3n en Iosper para ir viendo al menos los casos que nosotros tenemos con reclamos. S\u00ed quiero decir que aquel que fue a trabajar, que cumpli\u00f3, que marc\u00f3, que sus compa\u00f1eros lo vieron y que hicieron sus tareas normalmente, van a tener la posibilidad de defender su continuidad\u201d, finaliz\u00f3.<\/p>\n","protected":false},"excerpt":{"rendered":"<p>Este viernes, el equipo interventor del Instituto de Obra Social de Entre R&iacute;os (Iosper), dio de baja a 111 contratos en el organismo, precisando que los motivos fueron &laquo;numerosas y serias irregularidades&raquo;. En declaraciones televisivas, Carina Dom&iacute;nguez secretaria de UPCN, brind&oacute; m&aacute;s informaci&oacute;n sobre los despidos: &ldquo;Llegaron correos electr&oacute;nicos masivamente el d&iacute;a de ayer, algunos [&hellip;]<\/p>\n","protected":false},"author":2,"featured_media":11895,"comment_status":"open","ping_status":"open","sticky":false,"template":"","format":"standard","meta":{"footnotes":""},"categories":[91,11,4],"tags":[1110,3012,329,450],"class_list":["post-11894","post","type-post","status-publish","format-standard","has-post-thumbnail","hentry","category-gremiales","category-politica","category-provinciales","tag-carina-dominguez","tag-intervencion","tag-iosper","tag-upcn"],"_links":{"self":[{"href":"https:\/\/impactodenoticias.com.ar\/index.php?rest_route=\/wp\/v2\/posts\/11894","targetHints":{"allow":["GET"]}}],"collection":[{"href":"https:\/\/impactodenoticias.com.ar\/index.php?rest_route=\/wp\/v2\/posts"}],"about":[{"href":"https:\/\/impactodenoticias.com.ar\/index.php?rest_route=\/wp\/v2\/types\/post"}],"author":[{"embeddable":true,"href":"https:\/\/impactodenoticias.com.ar\/index.php?rest_route=\/wp\/v2\/users\/2"}],"replies":[{"embeddable":true,"href":"https:\/\/impactodenoticias.com.ar\/index.php?rest_route=%2Fwp%2Fv2%2Fcomments&post=11894"}],"version-history":[{"count":2,"href":"https:\/\/impactodenoticias.com.ar\/index.php?rest_route=\/wp\/v2\/posts\/11894\/revisions"}],"predecessor-version":[{"id":11898,"href":"https:\/\/impactodenoticias.com.ar\/index.php?rest_route=\/wp\/v2\/posts\/11894\/revisions\/11898"}],"wp:featuredmedia":[{"embeddable":true,"href":"https:\/\/impactodenoticias.com.ar\/index.php?rest_route=\/wp\/v2\/media\/11895"}],"wp:attachment":[{"href":"https:\/\/impactodenoticias.com.ar\/index.php?rest_route=%2Fwp%2Fv2%2Fmedia&parent=11894"}],"wp:term":[{"taxonomy":"category","embeddable":true,"href":"https:\/\/impactodenoticias.com.ar\/index.php?rest_route=%2Fwp%2Fv2%2Fcategories&post=11894"},{"taxonomy":"post_tag","embeddable":true,"href":"https:\/\/impactodenoticias.com.ar\/index.php?rest_route=%2Fwp%2Fv2%2Ftags&post=11894"}],"curies":[{"name":"wp","href":"https:\/\/api.w.org\/{rel}","templated":true}]}}