{"id":11934,"date":"2025-03-03T11:10:10","date_gmt":"2025-03-03T14:10:10","guid":{"rendered":"https:\/\/impactodenoticias.com.ar\/?p=11934"},"modified":"2025-03-03T11:12:26","modified_gmt":"2025-03-03T14:12:26","slug":"un-automovil-despisto-al-pasar-por-un-espejo-de-agua-y-termino-volcanddo-violentamente","status":"publish","type":"post","link":"https:\/\/impactodenoticias.com.ar\/?p=11934","title":{"rendered":"Un autom\u00f3vil despist\u00f3 al pasar por un espejo de agua y termin\u00f3 volcanddo violentamente"},"content":{"rendered":"\n<h2 class=\"wp-block-heading\">El accidente vial se registr\u00f3 a la altura del kil\u00f3metro 220 de la ruta nacional 18. En el rodado, se trasladaban cuatro personas mayores de edad, oriundas de la provincia de Santa Fe.<\/h2>\n\n\n\n<p>El personal policial, constata que un veh\u00edculo marca Fiat, se encontraba volcado sobre la banquina. En el mismo viajaban cuatro personas mayores de edad, oriundos de la provincia de Santa Fe, quienes afortunadamente no sufrieron lesiones.<\/p>\n\n\n\n<p>Seg\u00fan se precis\u00f3, el siniestro vial habr\u00eda sucedido al pasar por un espejo de agua, donde el conductor del rodado perdi\u00f3 el control del mismo y termin\u00f3 volcado sobre el lateral de la cinta asf\u00e1ltica.<\/p>\n\n\n\n<p>En el lugar trabaj\u00f3 personal de Bomberos Voluntarios de General Campos y de la comisar\u00eda de esa localidad, quienes realizaron las actuaciones de rigor.<\/p>\n","protected":false},"excerpt":{"rendered":"<p>El accidente vial se registr&oacute; a la altura del kil&oacute;metro 220 de la ruta nacional 18. En el rodado, se trasladaban cuatro personas mayores de edad, oriundas de la provincia de Santa Fe. El personal policial, constata que un veh&iacute;culo marca Fiat, se encontraba volcado sobre la banquina. En el mismo viajaban cuatro personas mayores [&hellip;]<\/p>\n","protected":false},"author":2,"featured_media":11935,"comment_status":"open","ping_status":"open","sticky":false,"template":"","format":"standard","meta":{"footnotes":""},"categories":[8,4],"tags":[315,1854,336],"class_list":["post-11934","post","type-post","status-publish","format-standard","has-post-thumbnail","hentry","category-policiales","category-provinciales","tag-general-campos","tag-ruta-18","tag-vuelco"],"_links":{"self":[{"href":"https:\/\/impactodenoticias.com.ar\/index.php?rest_route=\/wp\/v2\/posts\/11934","targetHints":{"allow":["GET"]}}],"collection":[{"href":"https:\/\/impactodenoticias.com.ar\/index.php?rest_route=\/wp\/v2\/posts"}],"about":[{"href":"https:\/\/impactodenoticias.com.ar\/index.php?rest_route=\/wp\/v2\/types\/post"}],"author":[{"embeddable":true,"href":"https:\/\/impactodenoticias.com.ar\/index.php?rest_route=\/wp\/v2\/users\/2"}],"replies":[{"embeddable":true,"href":"https:\/\/impactodenoticias.com.ar\/index.php?rest_route=%2Fwp%2Fv2%2Fcomments&post=11934"}],"version-history":[{"count":2,"href":"https:\/\/impactodenoticias.com.ar\/index.php?rest_route=\/wp\/v2\/posts\/11934\/revisions"}],"predecessor-version":[{"id":11937,"href":"https:\/\/impactodenoticias.com.ar\/index.php?rest_route=\/wp\/v2\/posts\/11934\/revisions\/11937"}],"wp:featuredmedia":[{"embeddable":true,"href":"https:\/\/impactodenoticias.com.ar\/index.php?rest_route=\/wp\/v2\/media\/11935"}],"wp:attachment":[{"href":"https:\/\/impactodenoticias.com.ar\/index.php?rest_route=%2Fwp%2Fv2%2Fmedia&parent=11934"}],"wp:term":[{"taxonomy":"category","embeddable":true,"href":"https:\/\/impactodenoticias.com.ar\/index.php?rest_route=%2Fwp%2Fv2%2Fcategories&post=11934"},{"taxonomy":"post_tag","embeddable":true,"href":"https:\/\/impactodenoticias.com.ar\/index.php?rest_route=%2Fwp%2Fv2%2Ftags&post=11934"}],"curies":[{"name":"wp","href":"https:\/\/api.w.org\/{rel}","templated":true}]}}