{"id":11958,"date":"2025-03-03T18:07:58","date_gmt":"2025-03-03T21:07:58","guid":{"rendered":"https:\/\/impactodenoticias.com.ar\/?p=11958"},"modified":"2025-03-05T09:20:01","modified_gmt":"2025-03-05T12:20:01","slug":"encontraron-un-nene-perdido-en-la-ciudad-de-buenos-aires-las-autoridades-investigan-si-es-lian-flores","status":"publish","type":"post","link":"https:\/\/impactodenoticias.com.ar\/?p=11958","title":{"rendered":"Encontraron un nene perdido en la Ciudad de Buenos Aires: las autoridades investigan si es Lian Flores"},"content":{"rendered":"\n<h2 class=\"wp-block-heading\">Fue hallado en el cruce de Corrientes y Uruguay, en pleno centro de CABA. Tiene rasgos similares al menor que fue visto por \u00faltima vez en C\u00f3rdoba.<\/h2>\n\n\n\n<p>Efectivos de la Polic\u00eda de la Ciudad encontraron este lunes a un nene perdido en la Ciudad de Buenos Aires y la Justicia ahora investiga si se trata de Lian Gael Flores Soraide, el nene de 3 a\u00f1os visto por \u00faltima vez el 22 de febrero pasado en la localidad cordobesa de Ballesteros Sud. Otro de los casos policiales m\u00e1s impactantes de la jornada de los \u00faltimos d\u00edas<\/p>\n\n\n\n<p>Se lleva adelante un amplio operativo en Corrientes y Uruguay, a metros del Obelisco, lugar al que las autoridades arribaron tras un llamado al 911.<\/p>\n\n\n\n<p>El ni\u00f1o tiene rasgos similares al ni\u00f1o que es buscado desde el 22 de febrero y se aguarda la llegada del fiscal al lugar para constatar la identidad del chico.<\/p>\n\n\n\n<p>Noticia en desarrollo\u2026<\/p>\n","protected":false},"excerpt":{"rendered":"<p>Fue hallado en el cruce de Corrientes y Uruguay, en pleno centro de CABA. Tiene rasgos similares al menor que fue visto por &uacute;ltima vez en C&oacute;rdoba. Efectivos de la Polic&iacute;a de la Ciudad encontraron este lunes a un nene perdido en la Ciudad de Buenos Aires y la Justicia ahora investiga si se trata [&hellip;]<\/p>\n","protected":false},"author":2,"featured_media":11959,"comment_status":"open","ping_status":"open","sticky":false,"template":"","format":"standard","meta":{"footnotes":""},"categories":[10,8],"tags":[4691,2086,180,4690,524],"class_list":["post-11958","post","type-post","status-publish","format-standard","has-post-thumbnail","hentry","category-nacionales","category-policiales","tag-ciudad-de-buenos-aires","tag-cordoba","tag-corrientes","tag-lian-flores","tag-uruguay"],"_links":{"self":[{"href":"https:\/\/impactodenoticias.com.ar\/index.php?rest_route=\/wp\/v2\/posts\/11958","targetHints":{"allow":["GET"]}}],"collection":[{"href":"https:\/\/impactodenoticias.com.ar\/index.php?rest_route=\/wp\/v2\/posts"}],"about":[{"href":"https:\/\/impactodenoticias.com.ar\/index.php?rest_route=\/wp\/v2\/types\/post"}],"author":[{"embeddable":true,"href":"https:\/\/impactodenoticias.com.ar\/index.php?rest_route=\/wp\/v2\/users\/2"}],"replies":[{"embeddable":true,"href":"https:\/\/impactodenoticias.com.ar\/index.php?rest_route=%2Fwp%2Fv2%2Fcomments&post=11958"}],"version-history":[{"count":1,"href":"https:\/\/impactodenoticias.com.ar\/index.php?rest_route=\/wp\/v2\/posts\/11958\/revisions"}],"predecessor-version":[{"id":11960,"href":"https:\/\/impactodenoticias.com.ar\/index.php?rest_route=\/wp\/v2\/posts\/11958\/revisions\/11960"}],"wp:featuredmedia":[{"embeddable":true,"href":"https:\/\/impactodenoticias.com.ar\/index.php?rest_route=\/wp\/v2\/media\/11959"}],"wp:attachment":[{"href":"https:\/\/impactodenoticias.com.ar\/index.php?rest_route=%2Fwp%2Fv2%2Fmedia&parent=11958"}],"wp:term":[{"taxonomy":"category","embeddable":true,"href":"https:\/\/impactodenoticias.com.ar\/index.php?rest_route=%2Fwp%2Fv2%2Fcategories&post=11958"},{"taxonomy":"post_tag","embeddable":true,"href":"https:\/\/impactodenoticias.com.ar\/index.php?rest_route=%2Fwp%2Fv2%2Ftags&post=11958"}],"curies":[{"name":"wp","href":"https:\/\/api.w.org\/{rel}","templated":true}]}}