{"id":11970,"date":"2025-03-04T11:05:54","date_gmt":"2025-03-04T14:05:54","guid":{"rendered":"https:\/\/impactodenoticias.com.ar\/?p=11970"},"modified":"2025-03-04T11:31:53","modified_gmt":"2025-03-04T14:31:53","slug":"balearon-y-asesinaron-a-un-joven-de-19-anos-en-parana","status":"publish","type":"post","link":"https:\/\/impactodenoticias.com.ar\/?p=11970","title":{"rendered":"Balearon y asesinaron a un joven de 19 a\u00f1os en Paran\u00e1"},"content":{"rendered":"\n<p class=\"has-medium-font-size\"><strong>Seg\u00fan inform\u00f3 la Polic\u00eda, el homicidio se registr\u00f3 durante la tarde-noche de este lunes cuando una persona asesin\u00f3 a tiros a un joven de 19 a\u00f1os.<\/strong><\/p>\n\n\n\n<p>El fatal ataque se produjo en la zona de calle Fraternidad y Trevesse. El presunto autor del hecho aun est\u00e1 pr\u00f3fugo.<\/p>\n\n\n\n<p>La v\u00edctima de apellido Aguilar, muri\u00f3 minutos despu\u00e9s de ingresar en el hospital, a causa de lesiones producidas por arma de fuego informaron a <strong>IMPACTO DE NOTICIAS<\/strong> desde la Departamental.<\/p>\n\n\n\n<p>Por los dichos a la Polic\u00eda de testigos ocasionales, hay una persona que fue mencionada como el autor del hecho, el cual se habr\u00eda retirado del lugar en un veh\u00edculo.<\/p>\n\n\n\n<p>Personal de la Comisar\u00eda Cuarta, homicidios y del 911 realizaron varios procedimientos dirigidos por la fiscal\u00eda en turno, a fin de tratar de aclarar el suceso, como tambi\u00e9n la posible localizaci\u00f3n del sospechoso.<\/p>\n","protected":false},"excerpt":{"rendered":"<p>Seg&uacute;n inform&oacute; la Polic&iacute;a, el homicidio se registr&oacute; durante la tarde-noche de este lunes cuando una persona asesin&oacute; a tiros a un joven de 19 a&ntilde;os. El fatal ataque se produjo en la zona de calle Fraternidad y Trevesse. El presunto autor del hecho aun est&aacute; pr&oacute;fugo. La v&iacute;ctima de apellido Aguilar, muri&oacute; minutos despu&eacute;s [&hellip;]<\/p>\n","protected":false},"author":2,"featured_media":11971,"comment_status":"open","ping_status":"open","sticky":false,"template":"","format":"standard","meta":{"footnotes":""},"categories":[3,8],"tags":[110,137,95],"class_list":["post-11970","post","type-post","status-publish","format-standard","has-post-thumbnail","hentry","category-locales","category-policiales","tag-asesinato","tag-joven","tag-parana"],"_links":{"self":[{"href":"https:\/\/impactodenoticias.com.ar\/index.php?rest_route=\/wp\/v2\/posts\/11970","targetHints":{"allow":["GET"]}}],"collection":[{"href":"https:\/\/impactodenoticias.com.ar\/index.php?rest_route=\/wp\/v2\/posts"}],"about":[{"href":"https:\/\/impactodenoticias.com.ar\/index.php?rest_route=\/wp\/v2\/types\/post"}],"author":[{"embeddable":true,"href":"https:\/\/impactodenoticias.com.ar\/index.php?rest_route=\/wp\/v2\/users\/2"}],"replies":[{"embeddable":true,"href":"https:\/\/impactodenoticias.com.ar\/index.php?rest_route=%2Fwp%2Fv2%2Fcomments&post=11970"}],"version-history":[{"count":2,"href":"https:\/\/impactodenoticias.com.ar\/index.php?rest_route=\/wp\/v2\/posts\/11970\/revisions"}],"predecessor-version":[{"id":11986,"href":"https:\/\/impactodenoticias.com.ar\/index.php?rest_route=\/wp\/v2\/posts\/11970\/revisions\/11986"}],"wp:featuredmedia":[{"embeddable":true,"href":"https:\/\/impactodenoticias.com.ar\/index.php?rest_route=\/wp\/v2\/media\/11971"}],"wp:attachment":[{"href":"https:\/\/impactodenoticias.com.ar\/index.php?rest_route=%2Fwp%2Fv2%2Fmedia&parent=11970"}],"wp:term":[{"taxonomy":"category","embeddable":true,"href":"https:\/\/impactodenoticias.com.ar\/index.php?rest_route=%2Fwp%2Fv2%2Fcategories&post=11970"},{"taxonomy":"post_tag","embeddable":true,"href":"https:\/\/impactodenoticias.com.ar\/index.php?rest_route=%2Fwp%2Fv2%2Ftags&post=11970"}],"curies":[{"name":"wp","href":"https:\/\/api.w.org\/{rel}","templated":true}]}}