{"id":11973,"date":"2025-03-04T11:10:44","date_gmt":"2025-03-04T14:10:44","guid":{"rendered":"https:\/\/impactodenoticias.com.ar\/?p=11973"},"modified":"2025-03-04T11:10:44","modified_gmt":"2025-03-04T14:10:44","slug":"arrestaron-a-un-malviviente-tras-asaltar-un-supermercado-en-parana","status":"publish","type":"post","link":"https:\/\/impactodenoticias.com.ar\/?p=11973","title":{"rendered":"Arrestaron a un malviviente tras asaltar un supermercado en Paran\u00e1"},"content":{"rendered":"\n<p class=\"has-medium-font-size\"><strong>Se trata de un hombre que utiliz\u00f3 un arma blanca para amenazar al cajero del supermercado, para luego llevarse la recaudaci\u00f3n del momento.<\/strong><\/p>\n\n\n\n<p>En horas del mediod\u00eda de este lunes, el personal de Comisar\u00eda Sexta de Paran\u00e1 estaba de recorrida por Barrio El Sol II, cuando desde el 911 comunicaron que un hombre hab\u00eda ingresado a robar en un supermercado.<\/p>\n\n\n\n<p>Seg\u00fan se detall\u00f3, el delincuente, con un arma blanca, ingres\u00f3 al local comercial de calle Casiano Calder\u00f3n, rob\u00f3 el dinero al propietario y se hab\u00eda dado a la fuga.<\/p>\n\n\n\n<p><\/p>\n\n\n\n<figure class=\"wp-block-image size-full\"><img loading=\"lazy\" decoding=\"async\" width=\"696\" height=\"662\" src=\"https:\/\/impactodenoticias.com.ar\/wp-content\/uploads\/2025\/03\/detenido-robo-super.webp\" alt=\"\" class=\"wp-image-11975\" srcset=\"https:\/\/impactodenoticias.com.ar\/wp-content\/uploads\/2025\/03\/detenido-robo-super.webp 696w, https:\/\/impactodenoticias.com.ar\/wp-content\/uploads\/2025\/03\/detenido-robo-super-300x285.webp 300w\" sizes=\"auto, (max-width: 696px) 100vw, 696px\" \/><\/figure>\n\n\n\n<p><\/p>\n\n\n\n<p>Con la descripci\u00f3n del autor, llevaron a cabo una b\u00fasqueda y sobre calle Monse\u00f1or Tibiletti, finalmente fue encontrado y demorado. Al realizarle un palpado hallaron el dinero del robo, siendo un total de 66.500 pesos.<\/p>\n\n\n\n<p>Informado al fiscal interviniente, se dispuso que fuera detenido y trasladado a la Alcaid\u00eda de Tribunales y el dinero sea devuelto al damnificado.<\/p>\n","protected":false},"excerpt":{"rendered":"<p>Se trata de un hombre que utiliz&oacute; un arma blanca para amenazar al cajero del supermercado, para luego llevarse la recaudaci&oacute;n del momento. En horas del mediod&iacute;a de este lunes, el personal de Comisar&iacute;a Sexta de Paran&aacute; estaba de recorrida por Barrio El Sol II, cuando desde el 911 comunicaron que un hombre hab&iacute;a ingresado [&hellip;]<\/p>\n","protected":false},"author":2,"featured_media":11974,"comment_status":"open","ping_status":"open","sticky":false,"template":"","format":"standard","meta":{"footnotes":""},"categories":[3,8],"tags":[1144,175,95,2452],"class_list":["post-11973","post","type-post","status-publish","format-standard","has-post-thumbnail","hentry","category-locales","category-policiales","tag-asalto","tag-detenido","tag-parana","tag-supermercado"],"_links":{"self":[{"href":"https:\/\/impactodenoticias.com.ar\/index.php?rest_route=\/wp\/v2\/posts\/11973","targetHints":{"allow":["GET"]}}],"collection":[{"href":"https:\/\/impactodenoticias.com.ar\/index.php?rest_route=\/wp\/v2\/posts"}],"about":[{"href":"https:\/\/impactodenoticias.com.ar\/index.php?rest_route=\/wp\/v2\/types\/post"}],"author":[{"embeddable":true,"href":"https:\/\/impactodenoticias.com.ar\/index.php?rest_route=\/wp\/v2\/users\/2"}],"replies":[{"embeddable":true,"href":"https:\/\/impactodenoticias.com.ar\/index.php?rest_route=%2Fwp%2Fv2%2Fcomments&post=11973"}],"version-history":[{"count":1,"href":"https:\/\/impactodenoticias.com.ar\/index.php?rest_route=\/wp\/v2\/posts\/11973\/revisions"}],"predecessor-version":[{"id":11976,"href":"https:\/\/impactodenoticias.com.ar\/index.php?rest_route=\/wp\/v2\/posts\/11973\/revisions\/11976"}],"wp:featuredmedia":[{"embeddable":true,"href":"https:\/\/impactodenoticias.com.ar\/index.php?rest_route=\/wp\/v2\/media\/11974"}],"wp:attachment":[{"href":"https:\/\/impactodenoticias.com.ar\/index.php?rest_route=%2Fwp%2Fv2%2Fmedia&parent=11973"}],"wp:term":[{"taxonomy":"category","embeddable":true,"href":"https:\/\/impactodenoticias.com.ar\/index.php?rest_route=%2Fwp%2Fv2%2Fcategories&post=11973"},{"taxonomy":"post_tag","embeddable":true,"href":"https:\/\/impactodenoticias.com.ar\/index.php?rest_route=%2Fwp%2Fv2%2Ftags&post=11973"}],"curies":[{"name":"wp","href":"https:\/\/api.w.org\/{rel}","templated":true}]}}