{"id":12009,"date":"2025-03-05T09:06:41","date_gmt":"2025-03-05T12:06:41","guid":{"rendered":"https:\/\/impactodenoticias.com.ar\/?p=12009"},"modified":"2025-03-05T09:06:41","modified_gmt":"2025-03-05T12:06:41","slug":"dramatico-rescate-de-una-familia-que-era-arrastrada-por-el-agua-dentro-de-un-auto-en-san-jose","status":"publish","type":"post","link":"https:\/\/impactodenoticias.com.ar\/?p=12009","title":{"rendered":"Dram\u00e1tico rescate de una familia que era arrastrada por el agua dentro de un auto en San Jos\u00e9"},"content":{"rendered":"\n<h2 class=\"wp-block-heading\">Bomberos brindaron im\u00e1genes del impactante rescate de una familia, en medio del temporal sucedido durante el fin de semana largo en San Jos\u00e9.<\/h2>\n\n\n\n<p>Bomberos Voluntarios de San Jos\u00e9, en el departamento Col\u00f3n, trabajaron intensamente durante el fin de semana extra largo, espec\u00edficamente tras las intensas lluvias que ca\u00eddas en pocas horas.<\/p>\n\n\n\n<p>Las lluvias que llegaron a los 140 mil\u00edmetros en dos horas deriv\u00f3 en un trabajo mancomunado de los Bomberos y fuerzas de seguridad, para poder ayudar a los ciudadanos que atravesaban situaciones dif\u00edciles.<\/p>\n\n\n\n<p><\/p>\n\n\n\n<figure class=\"wp-block-image size-full\"><img loading=\"lazy\" decoding=\"async\" width=\"696\" height=\"387\" src=\"https:\/\/impactodenoticias.com.ar\/wp-content\/uploads\/2025\/03\/rescate-bomberos-san-jose-1.webp\" alt=\"\" class=\"wp-image-12010\" srcset=\"https:\/\/impactodenoticias.com.ar\/wp-content\/uploads\/2025\/03\/rescate-bomberos-san-jose-1.webp 696w, https:\/\/impactodenoticias.com.ar\/wp-content\/uploads\/2025\/03\/rescate-bomberos-san-jose-1-300x167.webp 300w\" sizes=\"auto, (max-width: 696px) 100vw, 696px\" \/><\/figure>\n\n\n\n<p><\/p>\n\n\n\n<figure class=\"wp-block-image size-full\"><img loading=\"lazy\" decoding=\"async\" width=\"696\" height=\"389\" src=\"https:\/\/impactodenoticias.com.ar\/wp-content\/uploads\/2025\/03\/rescate-bomberos-san-jose-3.webp\" alt=\"\" class=\"wp-image-12011\" srcset=\"https:\/\/impactodenoticias.com.ar\/wp-content\/uploads\/2025\/03\/rescate-bomberos-san-jose-3.webp 696w, https:\/\/impactodenoticias.com.ar\/wp-content\/uploads\/2025\/03\/rescate-bomberos-san-jose-3-300x168.webp 300w\" sizes=\"auto, (max-width: 696px) 100vw, 696px\" \/><\/figure>\n\n\n\n<p><\/p>\n\n\n\n<p>Sobre calle Yapey\u00fa, un veh\u00edculo fue arrastrado por la corriente que atravesaba la calle con sus ocupantes adentro. Gracias a la pronta intervenci\u00f3n de los voluntarios, se epudo evitar lo que probablemente pudo haber sido una tragedia.<\/p>\n\n\n\n<p>Bomberos de San Jos\u00e9 compartieron im\u00e1genes del dram\u00e1tico rescate. Con ayuda de la brigada acu\u00e1tica las personas estuvieron a salvo y el auto pudo ser retirado de la dif\u00edcil situaci\u00f3n.<\/p>\n\n\n\n<p>Se inform\u00f3 adem\u00e1s, que colaboraron con familias inundadas debido a la gran ca\u00edda de lluvia. Las calles de San Jos\u00e9 se vieron anegadas, sin posibilidad de desagotar tanto caudal de agua. Se registraron p\u00e9rdidas materiales, sin lamentar v\u00edctimas.<\/p>\n","protected":false},"excerpt":{"rendered":"<p>Bomberos brindaron im&aacute;genes del impactante rescate de una familia, en medio del temporal sucedido durante el fin de semana largo en San Jos&eacute;. Bomberos Voluntarios de San Jos&eacute;, en el departamento Col&oacute;n, trabajaron intensamente durante el fin de semana extra largo, espec&iacute;ficamente tras las intensas lluvias que ca&iacute;das en pocas horas. Las lluvias que llegaron [&hellip;]<\/p>\n","protected":false},"author":2,"featured_media":12012,"comment_status":"open","ping_status":"open","sticky":false,"template":"","format":"standard","meta":{"footnotes":""},"categories":[8,4],"tags":[230,466,33,967,390],"class_list":["post-12009","post","type-post","status-publish","format-standard","has-post-thumbnail","hentry","category-policiales","category-provinciales","tag-bomberos","tag-colon","tag-entre-rios","tag-rescate","tag-san-jose"],"_links":{"self":[{"href":"https:\/\/impactodenoticias.com.ar\/index.php?rest_route=\/wp\/v2\/posts\/12009","targetHints":{"allow":["GET"]}}],"collection":[{"href":"https:\/\/impactodenoticias.com.ar\/index.php?rest_route=\/wp\/v2\/posts"}],"about":[{"href":"https:\/\/impactodenoticias.com.ar\/index.php?rest_route=\/wp\/v2\/types\/post"}],"author":[{"embeddable":true,"href":"https:\/\/impactodenoticias.com.ar\/index.php?rest_route=\/wp\/v2\/users\/2"}],"replies":[{"embeddable":true,"href":"https:\/\/impactodenoticias.com.ar\/index.php?rest_route=%2Fwp%2Fv2%2Fcomments&post=12009"}],"version-history":[{"count":1,"href":"https:\/\/impactodenoticias.com.ar\/index.php?rest_route=\/wp\/v2\/posts\/12009\/revisions"}],"predecessor-version":[{"id":12013,"href":"https:\/\/impactodenoticias.com.ar\/index.php?rest_route=\/wp\/v2\/posts\/12009\/revisions\/12013"}],"wp:featuredmedia":[{"embeddable":true,"href":"https:\/\/impactodenoticias.com.ar\/index.php?rest_route=\/wp\/v2\/media\/12012"}],"wp:attachment":[{"href":"https:\/\/impactodenoticias.com.ar\/index.php?rest_route=%2Fwp%2Fv2%2Fmedia&parent=12009"}],"wp:term":[{"taxonomy":"category","embeddable":true,"href":"https:\/\/impactodenoticias.com.ar\/index.php?rest_route=%2Fwp%2Fv2%2Fcategories&post=12009"},{"taxonomy":"post_tag","embeddable":true,"href":"https:\/\/impactodenoticias.com.ar\/index.php?rest_route=%2Fwp%2Fv2%2Ftags&post=12009"}],"curies":[{"name":"wp","href":"https:\/\/api.w.org\/{rel}","templated":true}]}}