{"id":12098,"date":"2025-03-08T10:18:12","date_gmt":"2025-03-08T13:18:12","guid":{"rendered":"https:\/\/impactodenoticias.com.ar\/?p=12098"},"modified":"2025-03-08T10:18:17","modified_gmt":"2025-03-08T13:18:17","slug":"solicitaran-la-reduccion-de-la-pena-de-nahir-galarza-la-perpetua-es-injusta-senalo-su-abogado-claudio-beron","status":"publish","type":"post","link":"https:\/\/impactodenoticias.com.ar\/?p=12098","title":{"rendered":"Solicitaran la reducci\u00f3n de la pena de Nahir Galarza: \u201cLa perpetua es injusta\u201d, se\u00f1al\u00f3 su abogado Claudio Ber\u00f3n"},"content":{"rendered":"\n<p class=\"has-medium-font-size\"><strong>El abogado defensor de Nahir Galarza, se hizo eco de lo anticipado por la joven Nahir en la entrevista exclusiva que le brindo a un medio period\u00edstico paranaense. El letrado destac\u00f3 que trabajan en una estrategia jur\u00eddica que apunta a que la sentencia sea reducida.<\/strong><\/p>\n\n\n\n<p>Galarza cumple actualmente una condena a cadena perpetua en la Unidad Penal N\u00b0 6 de Paran\u00e1. La sentencia fue dictada por el homicidio de su expareja, Fernando Pastorizzo, hecho que sucedi\u00f3 a fines de 2017 en Gualeguaych\u00fa.<\/p>\n\n\n\n<p>\u201cNosotros a vamos tratar de usar algunas herramientas jur\u00eddicas para que salga. Cuando uno est\u00e1 con perpetua, no es para toda la vida. Se puede pedir una fijaci\u00f3n de pena y se puede avanzar con salidas familiares, laborales y de ac\u00e1 a unos a\u00f1os, solicitar una libertad anticipada\u201c, se\u00f1al\u00f3 Ber\u00f3n<\/p>\n\n\n\n<p>El abogado se mostr\u00f3 en contra de la sentencia, a la cual calific\u00f3 de \u201cinjusta\u201d y \u201cdesproporcionada\u201d: \u201cNinguna perpetua es buena, est\u00e1 claro. Pero ella no debe quedarse con eso, debe usar las herramientas a disposici\u00f3n. Ahora que la pena est\u00e1 firme, sabe que haciendo uso de determinados espacios se pueden lograr mejoras en su condici\u00f3n\u201d, detall\u00f3.<\/p>\n\n\n\n<p>Esos espacios, de acuerdo a Ber\u00f3n, son los educativos y laborales que brinda el Sistema Penitenciario: \u201cLuego de que los internos demuestren que son confiables, pueden entrar a una etapa de pre-libertad, con los recaudos del caso. Obviamente no es ahora, es de ac\u00e1 a unos a\u00f1os. Siempre hablamos con ella, debe transitar la pena, porque m\u00e1s que sea injusta. Tiene que ocupar el tiempo, usar todo lo disponible y en algunos a\u00f1os plantear una fijaci\u00f3n de condena para obtener salidas\u201d, concluy\u00f3.<\/p>\n","protected":false},"excerpt":{"rendered":"<p>El abogado defensor de Nahir Galarza, se hizo eco de lo anticipado por la joven Nahir en la entrevista exclusiva que le brindo a un medio period&iacute;stico paranaense. El letrado destac&oacute; que trabajan en una estrategia jur&iacute;dica que apunta a que la sentencia sea reducida. Galarza cumple actualmente una condena a cadena perpetua en la [&hellip;]<\/p>\n","protected":false},"author":2,"featured_media":12099,"comment_status":"open","ping_status":"open","sticky":false,"template":"","format":"standard","meta":{"footnotes":""},"categories":[90,3,8],"tags":[2438,3166,312,2686,208],"class_list":["post-12098","post","type-post","status-publish","format-standard","has-post-thumbnail","hentry","category-judicial","category-locales","category-policiales","tag-claudio-beron","tag-fernando-pastorizzo","tag-nahir-galarza","tag-pena-2","tag-reduccion"],"_links":{"self":[{"href":"https:\/\/impactodenoticias.com.ar\/index.php?rest_route=\/wp\/v2\/posts\/12098","targetHints":{"allow":["GET"]}}],"collection":[{"href":"https:\/\/impactodenoticias.com.ar\/index.php?rest_route=\/wp\/v2\/posts"}],"about":[{"href":"https:\/\/impactodenoticias.com.ar\/index.php?rest_route=\/wp\/v2\/types\/post"}],"author":[{"embeddable":true,"href":"https:\/\/impactodenoticias.com.ar\/index.php?rest_route=\/wp\/v2\/users\/2"}],"replies":[{"embeddable":true,"href":"https:\/\/impactodenoticias.com.ar\/index.php?rest_route=%2Fwp%2Fv2%2Fcomments&post=12098"}],"version-history":[{"count":1,"href":"https:\/\/impactodenoticias.com.ar\/index.php?rest_route=\/wp\/v2\/posts\/12098\/revisions"}],"predecessor-version":[{"id":12100,"href":"https:\/\/impactodenoticias.com.ar\/index.php?rest_route=\/wp\/v2\/posts\/12098\/revisions\/12100"}],"wp:featuredmedia":[{"embeddable":true,"href":"https:\/\/impactodenoticias.com.ar\/index.php?rest_route=\/wp\/v2\/media\/12099"}],"wp:attachment":[{"href":"https:\/\/impactodenoticias.com.ar\/index.php?rest_route=%2Fwp%2Fv2%2Fmedia&parent=12098"}],"wp:term":[{"taxonomy":"category","embeddable":true,"href":"https:\/\/impactodenoticias.com.ar\/index.php?rest_route=%2Fwp%2Fv2%2Fcategories&post=12098"},{"taxonomy":"post_tag","embeddable":true,"href":"https:\/\/impactodenoticias.com.ar\/index.php?rest_route=%2Fwp%2Fv2%2Ftags&post=12098"}],"curies":[{"name":"wp","href":"https:\/\/api.w.org\/{rel}","templated":true}]}}