{"id":12109,"date":"2025-03-08T20:03:50","date_gmt":"2025-03-08T23:03:50","guid":{"rendered":"https:\/\/impactodenoticias.com.ar\/?p=12109"},"modified":"2025-03-08T20:03:51","modified_gmt":"2025-03-08T23:03:51","slug":"perdio-el-control-de-un-camion-y-termino-volcando-en-medio-de-la-lluvia","status":"publish","type":"post","link":"https:\/\/impactodenoticias.com.ar\/?p=12109","title":{"rendered":"Perdi\u00f3 el control de un cami\u00f3n y termin\u00f3 volcando en medio de la lluvia"},"content":{"rendered":"\n<h2 class=\"wp-block-heading\">El conductor dijo que la lluvia ocasion\u00f3 que tuviera que realizar brusca una que hizo volcar el cami\u00f3n sobre la banquina. Ocurri\u00f3 en Ruta 32.<\/h2>\n\n\n\n<p>Un camionero paranaense volc\u00f3 en la ma\u00f1ana de este s\u00e1bado en Ruta 32. Seg\u00fan se precis\u00f3, no hubo que lamentar heridos por el accidente vial, que se habr\u00eda debido a las malas condiciones de circulaci\u00f3n ocasionadas por las lluvias.<\/p>\n\n\n\n<p>Desde la Polic\u00eda informaron a <strong>IMPACTO DE NOTICIAS<\/strong>, que el accidente vial se produjo cerca a las 10:30, a la altura del kil\u00f3metro 26. El conductor de 43 a\u00f1os circulaba en direcci\u00f3n al Este, hacia la ciudad de Segu\u00ed.<\/p>\n\n\n\n<p>Se trata de un cami\u00f3n marca Iveco. De acuerdo a las declaraciones conductor, \u201cperdi\u00f3 el control del rodado debido a las condiciones clim\u00e1ticas adversas presentes en la fecha, lo que provoc\u00f3 el vuelco al costado de la ruta\u201d, indicaron.<\/p>\n","protected":false},"excerpt":{"rendered":"<p>El conductor dijo que la lluvia ocasion&oacute; que tuviera que realizar brusca una que hizo volcar el cami&oacute;n sobre la banquina. Ocurri&oacute; en Ruta 32. Un camionero paranaense volc&oacute; en la ma&ntilde;ana de este s&aacute;bado en Ruta 32. Seg&uacute;n se precis&oacute;, no hubo que lamentar heridos por el accidente vial, que se habr&iacute;a debido a [&hellip;]<\/p>\n","protected":false},"author":2,"featured_media":12111,"comment_status":"open","ping_status":"open","sticky":false,"template":"","format":"standard","meta":{"footnotes":""},"categories":[8,4],"tags":[545,33,1477],"class_list":["post-12109","post","type-post","status-publish","format-standard","has-post-thumbnail","hentry","category-policiales","category-provinciales","tag-camion","tag-entre-rios","tag-ruta-32"],"_links":{"self":[{"href":"https:\/\/impactodenoticias.com.ar\/index.php?rest_route=\/wp\/v2\/posts\/12109","targetHints":{"allow":["GET"]}}],"collection":[{"href":"https:\/\/impactodenoticias.com.ar\/index.php?rest_route=\/wp\/v2\/posts"}],"about":[{"href":"https:\/\/impactodenoticias.com.ar\/index.php?rest_route=\/wp\/v2\/types\/post"}],"author":[{"embeddable":true,"href":"https:\/\/impactodenoticias.com.ar\/index.php?rest_route=\/wp\/v2\/users\/2"}],"replies":[{"embeddable":true,"href":"https:\/\/impactodenoticias.com.ar\/index.php?rest_route=%2Fwp%2Fv2%2Fcomments&post=12109"}],"version-history":[{"count":1,"href":"https:\/\/impactodenoticias.com.ar\/index.php?rest_route=\/wp\/v2\/posts\/12109\/revisions"}],"predecessor-version":[{"id":12112,"href":"https:\/\/impactodenoticias.com.ar\/index.php?rest_route=\/wp\/v2\/posts\/12109\/revisions\/12112"}],"wp:featuredmedia":[{"embeddable":true,"href":"https:\/\/impactodenoticias.com.ar\/index.php?rest_route=\/wp\/v2\/media\/12111"}],"wp:attachment":[{"href":"https:\/\/impactodenoticias.com.ar\/index.php?rest_route=%2Fwp%2Fv2%2Fmedia&parent=12109"}],"wp:term":[{"taxonomy":"category","embeddable":true,"href":"https:\/\/impactodenoticias.com.ar\/index.php?rest_route=%2Fwp%2Fv2%2Fcategories&post=12109"},{"taxonomy":"post_tag","embeddable":true,"href":"https:\/\/impactodenoticias.com.ar\/index.php?rest_route=%2Fwp%2Fv2%2Ftags&post=12109"}],"curies":[{"name":"wp","href":"https:\/\/api.w.org\/{rel}","templated":true}]}}