{"id":12116,"date":"2025-03-09T11:10:36","date_gmt":"2025-03-09T14:10:36","guid":{"rendered":"https:\/\/impactodenoticias.com.ar\/?p=12116"},"modified":"2025-03-09T11:48:35","modified_gmt":"2025-03-09T14:48:35","slug":"murio-un-ciclista-tras-un-choque-con-un-camion-en-gualeguay","status":"publish","type":"post","link":"https:\/\/impactodenoticias.com.ar\/?p=12116","title":{"rendered":"Muri\u00f3 un ciclista tras un choque con un cami\u00f3n en Gualeguay"},"content":{"rendered":"\n<p class=\"has-medium-font-size\"><strong>La v\u00edctima fatal ten\u00eda 37 a\u00f1os. La persona fue embestida por un cami\u00f3n t\u00e9rmico, las autoridades investigan las circunstancias que rodearon el fatal accidente.<\/strong><\/p>\n\n\n\n<p>Falleci\u00f3 un hombre que protagoniz\u00f3 un accidente vial en su bicicleta la noche de este s\u00e1bado en la ciudad de Gualeguay. El otro veh\u00edculo involucrado es un cami\u00f3n t\u00e9rmico. La v\u00edctima ten\u00eda 37 a\u00f1os y muri\u00f3 a causa de las heridas recibidas.<\/p>\n\n\n\n<p>Seg\u00fan se inform\u00f3 a <strong>IMPACTO DE NOTICIAS<\/strong> desde la Polic\u00eda, el accidente vial sucedi\u00f3 cerca de las 21:30. El personal de la Secci\u00f3n 911 de Video Vigilancia y Seguridad Integral trabajaron en el siniestro ocurrido en Avenida Presidente Per\u00f3n entre Pellegrini y Primer Entrerriano.<\/p>\n\n\n\n<p>\u201cEn el lugar, por causas que se tratan de establecer, un camion t\u00e9rmico marca Volvo, perteneciente a la Empresa Soychu, circulaba en sentido de Norte a Sur, colisiona con la rueda trasera a un hombre en bicicleta que se dirig\u00eda en sentido contrario por el mismo carril\u201d, se\u00f1alaron.<\/p>\n\n\n\n<p>El conductor del cami\u00f3n es un hombre de 47 a\u00f1os. Con intervenci\u00f3n del fiscal en turno, se llevaron adelante las primeras diligencias de rigor para tratar de establecer las circunstancias que terminaron con el deceso del ciclista.<\/p>\n","protected":false},"excerpt":{"rendered":"<p>La v&iacute;ctima fatal ten&iacute;a 37 a&ntilde;os. La persona fue embestida por un cami&oacute;n t&eacute;rmico, las autoridades investigan las circunstancias que rodearon el fatal accidente. Falleci&oacute; un hombre que protagoniz&oacute; un accidente vial en su bicicleta la noche de este s&aacute;bado en la ciudad de Gualeguay. El otro veh&iacute;culo involucrado es un cami&oacute;n t&eacute;rmico. La v&iacute;ctima [&hellip;]<\/p>\n","protected":false},"author":2,"featured_media":12117,"comment_status":"open","ping_status":"open","sticky":false,"template":"","format":"standard","meta":{"footnotes":""},"categories":[8,4],"tags":[545,689,96,457],"class_list":["post-12116","post","type-post","status-publish","format-standard","has-post-thumbnail","hentry","category-policiales","category-provinciales","tag-camion","tag-ciclista","tag-gualeguay","tag-muerto"],"_links":{"self":[{"href":"https:\/\/impactodenoticias.com.ar\/index.php?rest_route=\/wp\/v2\/posts\/12116","targetHints":{"allow":["GET"]}}],"collection":[{"href":"https:\/\/impactodenoticias.com.ar\/index.php?rest_route=\/wp\/v2\/posts"}],"about":[{"href":"https:\/\/impactodenoticias.com.ar\/index.php?rest_route=\/wp\/v2\/types\/post"}],"author":[{"embeddable":true,"href":"https:\/\/impactodenoticias.com.ar\/index.php?rest_route=\/wp\/v2\/users\/2"}],"replies":[{"embeddable":true,"href":"https:\/\/impactodenoticias.com.ar\/index.php?rest_route=%2Fwp%2Fv2%2Fcomments&post=12116"}],"version-history":[{"count":2,"href":"https:\/\/impactodenoticias.com.ar\/index.php?rest_route=\/wp\/v2\/posts\/12116\/revisions"}],"predecessor-version":[{"id":12131,"href":"https:\/\/impactodenoticias.com.ar\/index.php?rest_route=\/wp\/v2\/posts\/12116\/revisions\/12131"}],"wp:featuredmedia":[{"embeddable":true,"href":"https:\/\/impactodenoticias.com.ar\/index.php?rest_route=\/wp\/v2\/media\/12117"}],"wp:attachment":[{"href":"https:\/\/impactodenoticias.com.ar\/index.php?rest_route=%2Fwp%2Fv2%2Fmedia&parent=12116"}],"wp:term":[{"taxonomy":"category","embeddable":true,"href":"https:\/\/impactodenoticias.com.ar\/index.php?rest_route=%2Fwp%2Fv2%2Fcategories&post=12116"},{"taxonomy":"post_tag","embeddable":true,"href":"https:\/\/impactodenoticias.com.ar\/index.php?rest_route=%2Fwp%2Fv2%2Ftags&post=12116"}],"curies":[{"name":"wp","href":"https:\/\/api.w.org\/{rel}","templated":true}]}}